{"id":30343,"date":"2025-07-03T22:00:00","date_gmt":"2025-07-03T20:00:00","guid":{"rendered":"https:\/\/www.gnews.cz\/?p=30343"},"modified":"2025-07-04T04:30:06","modified_gmt":"2025-07-04T02:30:06","slug":"la-presidente-del-parlamento-metsolaova-afferma-che-leuropa-deve-fare-di-piu-per-la-sicurezza-in-un-mondo-instabile","status":"publish","type":"post","link":"https:\/\/gnews.cz\/it\/tema\/predsedkyne-parlamentu-metsolaova-uvedla-ze-v-nestabilnim-svete-musi-evropa-udelat-vice-pro-bezpecnost\/","title":{"rendered":"Il Presidente del Parlamento europeo Metsola ha affermato che in un mondo instabile l'Europa deve fare di pi\u00f9 per la sicurezza."},"content":{"rendered":"<p><strong>BRUXELLES - Sul Medio Oriente, il Presidente Metsola ha dichiarato: \"Quello che stiamo vedendo tra Israele e Iran e il suo potenziale impatto su altri Paesi \u00e8 una cartina di tornasole per tutti noi. Il recente accordo per il cessate il fuoco \u00e8 un passo avanti pieno di speranza\". Ha inoltre sottolineato che \"l'Iran non pu\u00f2 ottenere una bomba nucleare. Questa \u00e8 una minaccia non solo per la regione, ma per il mondo intero\". Per quanto riguarda Gaza, ha affermato che il lavoro sul cessate il fuoco deve continuare e ha chiesto \"l'immediato rilascio di tutti gli ostaggi, la fine del terrore e che gli aiuti umanitari raggiungano coloro che ne hanno disperatamente bisogno\". La pace pu\u00f2 essere difficile, ma non \u00e8 impossibile\".<\/strong><\/p>\n\n\n\n<blockquote class=\"wp-block-quote is-layout-flow wp-block-quote-is-layout-flow\">\n<p><strong>Per quanto riguarda l'Ucraina, ha sottolineato che il sostegno dell'UE deve rimanere forte, anche per la futura adesione dell'Ucraina: \"L'Ucraina e la Moldova hanno gi\u00e0 soddisfatto le condizioni per l'avvio della prima serie di negoziati - il cosiddetto gruppo di \"questioni centrali\". La palla \u00e8 ora nel nostro campo. Dobbiamo mantenere lo slancio\". Per quanto riguarda la difesa, il Presidente ha menzionato l'accordo della NATO per aumentare gli obiettivi di spesa per la difesa a 5 % e ha sottolineato che il Parlamento europeo sta facendo la sua parte agendo rapidamente sulla legge sugli appalti congiunti e sulla legge a sostegno della produzione di munizioni. \"Lo stesso senso di urgenza continuer\u00e0 a guidarci mentre cerchiamo di completare il recente pacchetto Omnibus sulla difesa entro la fine dell'anno. I nostri processi sono stati riformati e accelerati\", ha dichiarato.<\/strong><\/p>\n<\/blockquote>\n\n\n\n<p>Per quanto riguarda la semplificazione, ha sottolineato che l'Europa deve dare risultati, e anche in questo caso il Parlamento europeo si sta muovendo rapidamente adottando un meccanismo di \"stop the clock\" e sospendendo le sanzioni all'industria automobilistica. \"Processi che prima richiedevano 9 mesi ora possono richiedere solo poche ore\". Ma ha anche avvertito che \"se vogliamo che l'Europa sia pi\u00f9 veloce, pi\u00f9 intelligente e pi\u00f9 favorevole alle PMI, dobbiamo andare oltre i cambiamenti cosmetici\".<\/p>\n\n\n\n<blockquote class=\"wp-block-quote is-layout-flow wp-block-quote-is-layout-flow\">\n<p><strong>Sulla questione dei diritti di maternit\u00e0, la Presidente ha informato i leader dell'UE che il Parlamento europeo presenter\u00e0 un emendamento mirato, ristretto e chirurgico alla legge sulle elezioni dell'UE per consentire alle deputate incinte o che hanno partorito da poco di delegare il loro voto. La Presidente ha invitato i leader dell'UE a sostenere questo annuncio: \"Nessuna democrazia dovrebbe mai punire i rappresentanti eletti per aver scelto di formare una famiglia. La rappresentanza non dovrebbe mai andare a scapito della genitorialit\u00e0\".<\/strong><\/p>\n<\/blockquote>\n\n\n\n<p><strong><a href=\"https:\/\/www.europarl.europa.eu\/news\/cs\/press-room\/20250626IPR29175\/metsola-to-eu-leaders-peace-may-be-difficult-but-it-is-not-impossible\" title=\"\">europarl.europa.eu\/<\/a>gnews.cz-me in<\/strong><\/p>","protected":false},"excerpt":{"rendered":"<p>BRUXELLES - In merito al Medio Oriente, il Presidente Metsola ha dichiarato: \"Quello che stiamo vedendo tra Israele e Iran e il suo potenziale impatto su altri...<\/p>","protected":false},"author":2,"featured_media":30344,"comment_status":"closed","ping_status":"closed","sticky":false,"template":"","format":"standard","meta":{"_acf_changed":false,"_lmt_disableupdate":"","_lmt_disable":"","footnotes":""},"categories":[7,1,580,2973],"tags":[3784,46,78,10,17,41],"class_list":["post-30343","post","type-post","status-publish","format-standard","has-post-thumbnail","hentry","category-politika","category-tema","category-vyber-sefredaktora","category-zahranicni","tag-ep-president-metsola","tag-eu","tag-evropa","tag-news","tag-top","tag-world"],"acf":[],"aioseo_notices":[],"_links":{"self":[{"href":"https:\/\/gnews.cz\/it\/wp-json\/wp\/v2\/posts\/30343","targetHints":{"allow":["GET"]}}],"collection":[{"href":"https:\/\/gnews.cz\/it\/wp-json\/wp\/v2\/posts"}],"about":[{"href":"https:\/\/gnews.cz\/it\/wp-json\/wp\/v2\/types\/post"}],"author":[{"embeddable":true,"href":"https:\/\/gnews.cz\/it\/wp-json\/wp\/v2\/users\/2"}],"replies":[{"embeddable":true,"href":"https:\/\/gnews.cz\/it\/wp-json\/wp\/v2\/comments?post=30343"}],"version-history":[{"count":0,"href":"https:\/\/gnews.cz\/it\/wp-json\/wp\/v2\/posts\/30343\/revisions"}],"wp:featuredmedia":[{"embeddable":true,"href":"https:\/\/gnews.cz\/it\/wp-json\/wp\/v2\/media\/30344"}],"wp:attachment":[{"href":"https:\/\/gnews.cz\/it\/wp-json\/wp\/v2\/media?parent=30343"}],"wp:term":[{"taxonomy":"category","embeddable":true,"href":"https:\/\/gnews.cz\/it\/wp-json\/wp\/v2\/categories?post=30343"},{"taxonomy":"post_tag","embeddable":true,"href":"https:\/\/gnews.cz\/it\/wp-json\/wp\/v2\/tags?post=30343"}],"curies":[{"name":"wp","href":"https:\/\/api.w.org\/{rel}","templated":true}]}}