{"id":30520,"date":"2025-07-07T10:23:00","date_gmt":"2025-07-07T08:23:00","guid":{"rendered":"https:\/\/www.gnews.cz\/?p=30520"},"modified":"2025-07-07T11:26:45","modified_gmt":"2025-07-07T09:26:45","slug":"il-direttore-generale-del-think-tank-sottolinea-limportanza-della-partecipazione-della-malesia-al-vertice-dei-brics","status":"publish","type":"post","link":"https:\/\/gnews.cz\/it\/prectete-si\/generalni-reditel-analytickeho-centra-zduraznuje-vyznam-ucasti-malajsie-na-summitu-brics\/","title":{"rendered":"Il direttore generale del Centro di analisi sottolinea l'importanza della partecipazione della Malesia al vertice BRICS"},"content":{"rendered":"<p><strong>Il vertice dei BRICS, che si svolge mentre la Malesia presiede l'Associazione delle Nazioni del Sud-Est Asiatico (ASEAN), promette di essere un'occasione importante, soprattutto nel contesto delle priorit\u00e0 condivise con il Brasile, che quest'anno presiede il raggruppamento dei BRICS. Lo ha dichiarato Danial Rahman, CEO di Asian Strategy and Leadership Incorporated (ASLI), in un'intervista esclusiva all'agenzia di stampa BERNAMA, partner di BRICS TV.<\/strong><\/p>\n\n\n\n<p>I temi dell'inclusivit\u00e0 e della sostenibilit\u00e0, che entrambi i Paesi sottolineano come priorit\u00e0 chiave, consentono alla Malesia di dare un contributo significativo all'agenda del Vertice BRICS. Il Paese sar\u00e0 in grado di mostrare il suo approccio alla costruzione di una societ\u00e0 inclusiva ed equa.<\/p>\n\n\n\n<blockquote class=\"wp-block-quote is-layout-flow wp-block-quote-is-layout-flow\">\n<p><em>\"Il vertice BRICS offre al primo ministro malese Anwar Ibrahim l'opportunit\u00e0 di sottolineare l'importanza e la centralit\u00e0 dell'ASEAN e di dimostrare il suo contributo al rafforzamento della pace e della sicurezza\".<\/em> Rahman ha detto.<\/p>\n<\/blockquote>\n\n\n\n<p>L'esperto ha osservato che questo sar\u00e0 il primo vertice dei BRICS a cui la Malesia parteciper\u00e0 come Paese partner del gruppo. Il Direttore generale dell'ASLI ha espresso l'opinione che l'esito dell'incontro possa portare a dei progressi nello sviluppo di meccanismi di regolamento nelle valute nazionali. A suo avviso, ci\u00f2 creer\u00e0 un ambiente finanziario e commerciale pi\u00f9 equo per i Paesi in via di sviluppo.<\/p>\n\n\n\n<p>Il vertice BRICS si terr\u00e0 a Rio de Janeiro il 6-7 luglio e sar\u00e0 l'evento principale della presidenza brasiliana del gruppo.<\/p>\n\n\n\n<p>TV BRICS\/<a href=\"https:\/\/thediplomaticsociety.co.za\/5113-ceo-of-analytical-centre-highlights-importance-of-malaysias-participation-in-brics-summit\" title=\"\">La societ\u00e0 diplomatica<\/a>\/gnews.cz - GH<\/p>","protected":false},"excerpt":{"rendered":"<p>Il vertice dei BRICS, che si svolge mentre la Malesia presiede l'Associazione delle Nazioni del Sud-Est Asiatico (ASEAN), promette di essere un'occasione importante, soprattutto...<\/p>","protected":false},"author":6,"featured_media":30521,"comment_status":"closed","ping_status":"closed","sticky":false,"template":"","format":"standard","meta":{"_acf_changed":false,"_lmt_disableupdate":"","_lmt_disable":"","footnotes":""},"categories":[658],"tags":[705,254,256,1914,714],"class_list":["post-30520","post","type-post","status-publish","format-standard","has-post-thumbnail","hentry","category-prectete-si","tag-asean","tag-brazilie","tag-brics","tag-malajsie","tag-spoluprace"],"acf":[],"aioseo_notices":[],"_links":{"self":[{"href":"https:\/\/gnews.cz\/it\/wp-json\/wp\/v2\/posts\/30520","targetHints":{"allow":["GET"]}}],"collection":[{"href":"https:\/\/gnews.cz\/it\/wp-json\/wp\/v2\/posts"}],"about":[{"href":"https:\/\/gnews.cz\/it\/wp-json\/wp\/v2\/types\/post"}],"author":[{"embeddable":true,"href":"https:\/\/gnews.cz\/it\/wp-json\/wp\/v2\/users\/6"}],"replies":[{"embeddable":true,"href":"https:\/\/gnews.cz\/it\/wp-json\/wp\/v2\/comments?post=30520"}],"version-history":[{"count":0,"href":"https:\/\/gnews.cz\/it\/wp-json\/wp\/v2\/posts\/30520\/revisions"}],"wp:featuredmedia":[{"embeddable":true,"href":"https:\/\/gnews.cz\/it\/wp-json\/wp\/v2\/media\/30521"}],"wp:attachment":[{"href":"https:\/\/gnews.cz\/it\/wp-json\/wp\/v2\/media?parent=30520"}],"wp:term":[{"taxonomy":"category","embeddable":true,"href":"https:\/\/gnews.cz\/it\/wp-json\/wp\/v2\/categories?post=30520"},{"taxonomy":"post_tag","embeddable":true,"href":"https:\/\/gnews.cz\/it\/wp-json\/wp\/v2\/tags?post=30520"}],"curies":[{"name":"wp","href":"https:\/\/api.w.org\/{rel}","templated":true}]}}