{"id":31556,"date":"2025-07-27T09:00:00","date_gmt":"2025-07-27T07:00:00","guid":{"rendered":"https:\/\/www.gnews.cz\/?p=31556"},"modified":"2025-07-27T18:11:21","modified_gmt":"2025-07-27T16:11:21","slug":"il-geniale-scrittore-ceco-karel-capek-e-la-sua-sovrapposizione-di-umanita","status":"publish","type":"post","link":"https:\/\/gnews.cz\/it\/neprehlednete\/vyznamny-cesky-genialni-spisovatel-karel-capek-a-jeho-presah-lidskosti\/","title":{"rendered":"Il geniale scrittore ceco di fama mondiale Karel \u010capek e la sua trascendenza dell'umanit\u00e0"},"content":{"rendered":"<p><strong>In occasione del recente anniversario della morte di Karel \u010capek, vorrei ricordare l'importanza di questa personalit\u00e0, soprattutto in termini di significato per la nostra societ\u00e0 ceca. Sebbene le prospettive e gli atteggiamenti di Karel \u010capek fossero essenzialmente di centro-sinistra, a mio parere, con il suo straordinario approccio umanistico, egli ha infranto tutti i confini del cosiddetto umanesimo borghese, perch\u00e9 la sua concezione filosofica, che \u00e8 al di sopra delle sue stesse opere, \u00e8 fortemente basata sul rispetto dell'uomo e della vita in quanto tale. Personalmente ho incontrato le opere di \u010capek nella mia infanzia, non solo nelle sue fiabe, ma mi piaceva molto leggere Il Krakatit, La malattia bianca, e anche i suoi Racconti da una tasca e dall'altra e i suoi gialli. Chi non conosce le fiabe di Pejskov e del gatto D\u00e1\u0161enka, o la vita di un cucciolo, ma probabilmente la cosa che pi\u00f9 mi ha influenzato \u00e8 stata l'opera teatrale La madre, e infine l'adattamento cinematografico di grande successo de Il malato bianco e Krakatit, che sono dei capolavori. E questo \u00e8 il motivo principale per cui mi piace tornare a Karel \u010capek. Infine, i drammi - La malattia bianca, Krakatit e La madre - sono in qualche modo di nuovo attuali. Spero che questo non sia di buon auspicio.<\/strong><\/p>\n\n\n\n<p><strong>Alcuni fatti sul laborioso Karel \u010capek<\/strong><\/p>\n\n\n\n<p>Karel \u010capek nacque nella famiglia del medico MUDr. Anton\u00edn \u010capek a Mal\u00e9 Svato\u0148ovice; da l\u00ec la famiglia si trasfer\u00ec a \u00dapice, dove si diplom\u00f2 alla scuola elementare. Entr\u00f2 poi nel ginnasio di Hradec Kr\u00e1lov\u00e9, ma dovette terminare gli studi a Brno. Nel 1915 si laure\u00f2 all'Universit\u00e0 di Filosofia di Praga, dove soggiorn\u00f2 a Parigi e a Berlino. Karel \u010capek non fu arruolato nell'esercito austriaco, soprattutto a causa della sua malattia cronica alla spina dorsale, per cui non si arruol\u00f2 come soldato nella Prima guerra mondiale. Tuttavia, le conseguenze della guerra lo colpirono e lo influenzarono ancora di pi\u00f9.<\/p>\n\n\n\n<p>Inizi\u00f2 il suo primo lavoro come precettore presso la famiglia aristocratica dei La\u017eansk\u00fd, nel castello di Ch\u00fd\u0161e. Qui fu anche testimone del crollo della fabbrica di munizioni locale, e questa tragedia divenne la base per il dramma di cui ho gi\u00e0 parlato, Krakatit. Lavor\u00f2 l\u00ec per un periodo di tempo molto breve, poich\u00e9 era legato ai rigidi atteggiamenti conservatori di questa antica famiglia nobile. Dopo pochi mesi, divenne redattore di diversi giornali e riviste, come Lidove noviny, N\u00e1rodn\u00ed listy e l'allora settimanale Nebojsa.<\/p>\n\n\n\n<p><strong>La variet\u00e0 del suo lavoro drammatico<\/strong><\/p>\n\n\n\n<p>Per ragioni pratiche, la sua opera viene solitamente divisa in due parti fondamentali: la prima parte si occupa della vita interiore dell'uomo come individuo e attraverso la quale \u010capek tenta di esplorare le possibilit\u00e0 e i limiti della conoscenza umana, la molteplicit\u00e0 dei punti di vista sulla realt\u00e0, e si occupa di noetica (La passione di Dio, la trilogia noetica...); la seconda parte \u00e8 cosiddetta utopica. Questa comprende i suoi romanzi e drammi utopici, in cui \u010capek critica i problemi sociali dell'intera societ\u00e0 moderna, mentre allo stesso tempo vengono spesso espressi timori per l'uso improprio della tecnologia contro l'uomo, e nelle sue opere si nota anche la paura dell'emergente fascismo. Per queste opere, entrambi i fratelli \u010capek sono considerati i precursori della letteratura di fantascienza. <\/p>\n\n\n\n<figure class=\"wp-block-image size-full\"><img decoding=\"async\" src=\"https:\/\/www.gnews.cz\/wp-content\/uploads\/2025\/07\/IMG_20250727_012831_543-1.jpg\" alt=\"\" class=\"wp-image-31567\" \/><\/figure>\n\n\n\n<p><strong>L'elenco delle opere di \u010capek \u00e8 piuttosto lungo e volutamente non lo riporto tutto qui. Tra le sue opere vorrei citare: <\/strong><\/p>\n\n\n\n<p><strong>Profondit\u00e0 splendenti (1916) <\/strong>- Si tratta di un'edizione in volume dei suoi racconti stampati su riviste, scritti insieme al fratello Josef. <\/p>\n\n\n\n<p><strong>La passione di Dio (1917) <\/strong>- racconti filosofici, che riflettono (filosofeggiano) sui misteri dell'anima umana e sulle coincidenze fatali della vita umana. Il primo libro scritto dallo stesso Karel \u010capek. <\/p>\n\n\n\n<p><strong>Il giardino di Krakono\u0161 (1918) <\/strong>- Si tratta di un'edizione in volume delle sue prose pubblicate su riviste, scritte insieme al fratello Josef.<\/p>\n\n\n\n<p><strong>Critica delle parole (1920) <\/strong>- In questo pezzo, utilizza le colonne per analizzare la frase e il suo uso improprio.<\/p>\n\n\n\n<p><strong>Racconti imbarazzanti (1921) <\/strong>- contempla scetticamente il significato dell'esistenza umana e della sua psiche. <\/p>\n\n\n\n<p><strong>La fabbrica dell'assoluto (1922) <\/strong>- un romanzo feuilleton. <\/p>\n\n\n\n<p><strong>Krakatit (1922) <\/strong>- Un romanzo. La conclusione di questo dramma si basa sull'idea che non bisogna compiere grandi azioni, ma solo quelle che servono all'intera societ\u00e0 e al proprio sviluppo. <\/p>\n\n\n\n<p><strong>Delle cose pi\u00f9 vicine (1925)<\/strong> - edizioni di libri delle sue rubriche, piccole riflessioni. <\/p>\n\n\n\n<p><strong>La scandalosa vicenda di Josef Holou\u0161ek (1927)<\/strong> - storie satiriche su giornali e giornalisti, in cui l'autore critica le condizioni della stampa tra le due guerre mondiali. <\/p>\n\n\n\n<p><strong>Racconti da una tasca, racconti dall'altra (1929)<\/strong> - racconti brevi a tema poliziesco. La loro storia \u00e8 presentata in modo umoristico. Le storie riflettono il relativismo, dove la verit\u00e0 non \u00e8 esattamente data, dipende dal punto di vista.<\/p>\n\n\n\n<p><strong>Marsia o ai confini della letteratura (1931) <\/strong>- Qui, in diversi saggi, si occupa della cosiddetta \"letteratura salmastra\", concludendo che la sua esistenza \u00e8 necessaria. <\/p>\n\n\n\n<p><strong>Apocrifi (1932) <\/strong>- racconti in cui stilizza temi storici e soprattutto biblici. <\/p>\n\n\n\n<p><strong>Hordubal (1933)<\/strong> - Alla base di questo romanzo c'\u00e8 un fatto realmente accaduto: un contadino (Hordubal), tornato a casa nella Russia subcarpatica dopo diversi anni di lavoro in America, viene assassinato dalla moglie e dal suo amante. In questo caso Capek si pone delle domande, come ad esempio se abbiamo il diritto di giudicare la colpa in modo equo. Il cuore di Hordubal si perde nella condanna, simboleggiando la storia irrisolta di Hordubal. <\/p>\n\n\n\n<p><strong>Una vita normale (1934) <\/strong>- Un funzionario ferroviario in pensione descrive e riflette sulla sua \"vita ordinaria\". A poco a poco arriva a credere di essere in realt\u00e0 composto da molte personalit\u00e0 che insieme costituiscono il suo destino.<\/p>\n\n\n\n<p><strong>La guerra con i muli (1936)<\/strong> - Gli esseri umani scoprono strane creature: i tritoni, animali intelligenti che gli umani iniziano ad addestrare come manodopera a basso costo. Ma i tritoni si ribellano, iniziano a organizzare il proprio Stato, eleggono il proprio leader e chiedono uno \"spazio vitale\" per s\u00e9. Tutto porta inevitabilmente alla guerra.<\/p>\n\n\n\n<p><strong>Il primo gruppo (1937) <\/strong>- La trama di questo romanzo si svolge in una miniera dove un crollo lascia diversi minatori bloccati e la direzione della miniera cerca volontari per salvarli. Quest'opera \u00e8 una celebrazione della solidariet\u00e0 umana.<\/p>\n\n\n\n<p><strong>Come fare cosa - una serie di causali. R.U.R. (Robot Universali di Rossum, 1920)<\/strong> - in questo dramma fantascientifico si sente per la prima volta la parola robot, che \u010capek avrebbe consigliato al fratello Josef. Qui \u010capek mette in guardia contro l'uso improprio della tecnologia. <\/p>\n\n\n\n<p><strong>Dalla vita degli insetti (1921)<\/strong> - Una visione allegorica del mondo degli insetti che rappresenta diverse caratteristiche e tipologie umane. Scritto insieme a mio fratello Joseph. <\/p>\n\n\n\n<p><strong>La cosa di Makropulos (1922) <\/strong>- Quest'opera di \u010capek \u00e8 stata congenialmente musicata da Leo\u0161 Jan\u00e1\u010dek nell'omonima opera, che fa regolarmente parte del repertorio dei teatri d'opera di tutto il mondo. <\/p>\n\n\n\n<p><strong>Adamo il Creatore (1927)<\/strong> - Adamo \u00e8 insoddisfatto del mondo cos\u00ec com'\u00e8, cos\u00ec lo distrugge e ne crea uno nuovo. \u00c8 deluso perch\u00e9 scopre presto che il nuovo mondo non \u00e8 migliore di quello che ha distrutto. Scritto con il fratello Giuseppe. <\/p>\n\n\n\n<p><strong>Malattia bianca (1937)<\/strong> - musicato da T. Andrasovan, filmato da H. Haas nel 1937) - appare un dittatore (il Maresciallo) che vuole la guerra (Adolf Hitler), ma allo stesso tempo compare una terribile malattia che uccide le persone. Anche il dittatore si ammala di questa malattia e un medico amante della pace (Galeno) trova una cura. Si offre di curare il dittatore in cambio della pace. Il dittatore alla fine accetta, ma il medico viene ucciso da una folla fanatica mentre si reca da lui. Alla fine dell'opera, scoppia la guerra.<\/p>\n\n\n\n<p><strong>Madre (1938)<\/strong> - In questo dramma, la protagonista, madre di Toni, cerca di impedire che l'unico figlio sopravvissuto (i figli maggiori e il marito sono morti o caduti) parta per combattere con le sue conversazioni. \u00c8 solo la consapevolezza che il nemico uccide anche i bambini piccoli e che non \u00e8 la sola a vivere la perdita dei suoi figli che la spinge a dare a Toni un fucile e a lasciarlo andare in guerra. I figli e il marito defunti appaiono nell'opera come personaggi normali con cui la madre parla.<\/p>\n\n\n\n<figure class=\"wp-block-gallery has-nested-images columns-default is-cropped wp-block-gallery-1 is-layout-flex wp-block-gallery-is-layout-flex\">\n<figure class=\"wp-block-image size-large\"><img decoding=\"async\" data-id=\"31563\" src=\"https:\/\/www.gnews.cz\/wp-content\/uploads\/2025\/07\/IMG_20250727_012842_858.jpg\" alt=\"\" class=\"wp-image-31563\" \/><\/figure>\n\n\n\n<figure class=\"wp-block-image size-large\"><img decoding=\"async\" data-id=\"31565\" src=\"https:\/\/www.gnews.cz\/wp-content\/uploads\/2025\/07\/IMG_20250727_012818_746-1-760x1024.jpg\" alt=\"\" class=\"wp-image-31565\" \/><\/figure>\n\n\n\n<figure class=\"wp-block-image size-large\"><img decoding=\"async\" data-id=\"31564\" src=\"https:\/\/www.gnews.cz\/wp-content\/uploads\/2025\/07\/IMG_20250727_012815_130-1-649x1024.jpg\" alt=\"\" class=\"wp-image-31564\" \/><\/figure>\n<\/figure>\n\n\n\n<p><strong>L'interesse di \u010capek per tutto<\/strong><\/p>\n\n\n\n<p>\u010capek era un fotografo dilettante eccezionalmente bravo, come testimoniano numerose altre fotografie sopravvissute, tra cui ritratti di personaggi famosi, oltre alle sue note fotografie in D\u00e1\u0161e\u0148ka. Il dilettante Karel \u010capek fu l'autore della pubblicazione fotografica pi\u00f9 venduta della Prima Repubblica: la D\u00e1\u0161e\u0148ka o Vita di un cucciolo del 1933 fu pubblicata in diverse decine di edizioni. \u00c8 qui che inizia a manifestarsi la sua versatilit\u00e0. A un certo punto fu sia drammaturgo che direttore del Teatro Vinohrady. Nell'agosto del 1935, Karel \u010capek spos\u00f2 l'attrice Olga Scheinpflugov\u00e1 presso il municipio di Vinohrady. <\/p>\n\n\n\n<p>Per il loro matrimonio nel 1935, gli sposi ricevettero il diritto di vivere a vita in una residenza estiva sopra lo stagno di Str\u017e, vicino a Star\u00e1 Hut (nei pressi di Dob\u0159\u00ed\u0161), grazie al direttore generale dell'acciaieria di Dob\u0159\u00ed\u0161, V\u00e1clav Palivec. Oggi in questa casa si trova un monumento commemorativo di Karel \u010capek. \u010capek soggiorn\u00f2 qui soprattutto negli ultimi tre anni della sua vita. Meno nota \u00e8 la sua passione per la musica etnica, basata sul suo interesse per le culture straniere in generale. Fu uno dei principali collezionisti di dischi per grammofono e i suoi eredi donarono al Museo N\u00e1prstek questa collezione superstite nel 1981 (un totale di 462 dischi e 115 cataloghi di aziende grammofoniche mondiali). <\/p>\n\n\n\n<p>\u00c8 anche l'autore della parola \"robot\", che si \u00e8 diffusa in tutto il mondo con l'opera teatrale R.U.R., ma che in realt\u00e0 gli \u00e8 stata suggerita dal fratello Josef \u010capek. In origine, Karel \u010capek voleva chiamare i robot \"lavoratori\". La parola robot deriva dal verbo robotovat (lavorare). Gli piaceva molto viaggiare, ad esempio ha visitato la Gran Bretagna, la Spagna, l'Italia e l'Olanda. Si dedic\u00f2 anche al disegno, che a volte integrava le sue opere. \u00c8 stato candidato al Premio Nobel per la letteratura per sette volte, dal 1932 al 1938.<\/p>\n\n\n\n<figure class=\"wp-block-image size-large\"><img decoding=\"async\" src=\"https:\/\/www.gnews.cz\/wp-content\/uploads\/2025\/07\/IMG_20250727_012828_031-1-1024x768.jpg\" alt=\"\" class=\"wp-image-31566\" \/><\/figure>\n\n\n\n<p><strong>Il tradimento di Monaco e la fine di \u010capek<\/strong><br>Nel 1938, \u010capek croll\u00f2 letteralmente dopo la firma dell'Accordo di Monaco, e personalmente credo che non abbia mai fatto i conti con questo tradimento dell'Occidente e della \"democrazia occidentale\" fino alla fine dei suoi giorni. Lui stesso disse: \"Mi sembra di non avere pi\u00f9 nulla da fare qui, sarei una figura ridicola, il mio mondo \u00e8 morto, perch\u00e9 credevo in una sorta di obblighi, nel cosiddetto onore nel trattato e cose del genere. Non credo che sarei stato in grado di far fronte a questo affollamento...\".<\/p>\n\n\n\n<p>Qui si scopr\u00ec che una certa parte della societ\u00e0 civile dell'epoca si sent\u00ec tradita dallo stesso \u010capek, quando Karel \u010capek, dopo essersi inizialmente ripreso dallo shock di questo tradimento, e a mio avviso erroneamente, cerc\u00f2 di giustificare il governo e le azioni del Presidente Bene\u0161. Ben presto Karel \u010capek si ammal\u00f2 di polmonite e mor\u00ec il 25 dicembre 1938. Pochi sanno che il funerale vero e proprio di Karel \u010capek fu curato dall'Ordine dei Premostratensi del Monastero di Strahov a Praga. A ben guardare, la sovrapposizione di Karel \u010capek \u00e8 stata davvero enorme. Credo che a Karel \u010capek non si possa negare la sua genuina e profondissima umanit\u00e0, la sua empatia per le persone comuni, ma anche il suo vero orgoglio per la nazione ceca e il suo patriottismo. Ha sempre agito in modo autonomo, pur sapendo che la sua scelta non sarebbe stata facile.<\/p>\n\n\n\n<p><strong>Jan Vojt\u011bch<\/strong><\/p>","protected":false},"excerpt":{"rendered":"<p>In occasione del recente anniversario della morte di Karel \u010capek, vorrei ricordare l'importanza di questa personalit\u00e0, soprattutto in termini di significato per la nostra societ\u00e0 ceca....<\/p>","protected":false},"author":2,"featured_media":31558,"comment_status":"closed","ping_status":"closed","sticky":false,"template":"","format":"standard","meta":{"_acf_changed":false,"_lmt_disableupdate":"","_lmt_disable":"","footnotes":""},"categories":[2968,6,3,580,8],"tags":[4123,4119,45,4118,2535,4117,4116,10,17,4120,4121,4124,41,4122],"class_list":["post-31556","post","type-post","status-publish","format-standard","has-post-thumbnail","hentry","category-domaci","category-kultura","category-neprehlednete","category-vyber-sefredaktora","category-zabava","tag-bila-nemoc","tag-bozi-muka","tag-cr","tag-dasenka-cili-zivot-stenete","tag-karel-capek","tag-krakatut","tag-matka","tag-news","tag-top","tag-tovarna-na-absolutno","tag-valka-s-mloky","tag-vec-macropulos","tag-world","tag-ze-zivota-hmyzu"],"acf":[],"aioseo_notices":[],"_links":{"self":[{"href":"https:\/\/gnews.cz\/it\/wp-json\/wp\/v2\/posts\/31556","targetHints":{"allow":["GET"]}}],"collection":[{"href":"https:\/\/gnews.cz\/it\/wp-json\/wp\/v2\/posts"}],"about":[{"href":"https:\/\/gnews.cz\/it\/wp-json\/wp\/v2\/types\/post"}],"author":[{"embeddable":true,"href":"https:\/\/gnews.cz\/it\/wp-json\/wp\/v2\/users\/2"}],"replies":[{"embeddable":true,"href":"https:\/\/gnews.cz\/it\/wp-json\/wp\/v2\/comments?post=31556"}],"version-history":[{"count":0,"href":"https:\/\/gnews.cz\/it\/wp-json\/wp\/v2\/posts\/31556\/revisions"}],"wp:featuredmedia":[{"embeddable":true,"href":"https:\/\/gnews.cz\/it\/wp-json\/wp\/v2\/media\/31558"}],"wp:attachment":[{"href":"https:\/\/gnews.cz\/it\/wp-json\/wp\/v2\/media?parent=31556"}],"wp:term":[{"taxonomy":"category","embeddable":true,"href":"https:\/\/gnews.cz\/it\/wp-json\/wp\/v2\/categories?post=31556"},{"taxonomy":"post_tag","embeddable":true,"href":"https:\/\/gnews.cz\/it\/wp-json\/wp\/v2\/tags?post=31556"}],"curies":[{"name":"wp","href":"https:\/\/api.w.org\/{rel}","templated":true}]}}