{"id":31823,"date":"2025-08-03T10:30:00","date_gmt":"2025-08-03T08:30:00","guid":{"rendered":"https:\/\/www.gnews.cz\/?p=31823"},"modified":"2025-08-03T10:32:20","modified_gmt":"2025-08-03T08:32:20","slug":"il-piu-importante-scienziato-iraniano-afferma-che-gli-stati-uniti-stanno-usando-la-questione-nucleare-come-pretesto-per-continuare-le-ostilita","status":"publish","type":"post","link":"https:\/\/gnews.cz\/it\/tema\/iransky-nejvyssi-vudce-rika-ze-usa-pouzivaji-jadernou-otazku-jako-zaminku-pro-pokracujici-nepratelstvi\/","title":{"rendered":"Il leader supremo iraniano afferma che gli Stati Uniti usano la questione nucleare come pretesto per continuare l'ostilit\u00e0"},"content":{"rendered":"<p><strong>TEHRAN - Gli Stati Uniti stanno usando il programma nucleare di Teheran come pretesto per rimanere in confronto con la Repubblica islamica, ha dichiarato la Guida suprema iraniana Ayatollah Ali Khamenei.<\/strong><\/p>\n\n\n\n<blockquote class=\"wp-block-quote is-layout-flow wp-block-quote-is-layout-flow\">\n<p><strong>\"Ci\u00f2 che chiamano questione nucleare \u00e8 solo un pretesto, insieme all'arricchimento dell'uranio, ai diritti umani e a tutto il resto. In realt\u00e0, non sono d'accordo con le nostre convinzioni e la nostra dottrina\", ha dichiarato l'agenzia di stampa Tasnim. In precedenza, il Presidente degli Stati Uniti Donald Trump ha dichiarato di essere pronto a colpire nuovamente gli impianti nucleari iraniani se il Paese tenter\u00e0 di ricostruirli.<\/strong><\/p>\n<\/blockquote>\n\n\n\n<p>Nella notte del 13 giugno, Israele ha lanciato un'operazione militare contro l'Iran. Meno di 24 ore dopo, Teheran ha risposto. Nove giorni dopo, nelle prime ore del mattino del 22 giugno, gli aerei statunitensi hanno preso di mira tre impianti nucleari iraniani, entrando di fatto nel conflitto. <\/p>\n\n\n\n<p>La sera successiva, Teheran ha effettuato un attacco missilistico contro Al Udeid, la pi\u00f9 grande base militare statunitense della regione, situata in Qatar. Secondo i funzionari statunitensi, non ci sono state vittime o danni significativi. Il Presidente degli Stati Uniti Donald Trump ha poi annunciato che Israele e Iran hanno concordato un cessate il fuoco completo. Il cessate il fuoco \u00e8 entrato in vigore il 24 giugno.<\/p>\n\n\n\n<p><strong><a href=\"https:\/\/tass.com\/world\/1995561\" title=\"\">TASS\/.<\/a>gnews.cz-jav<\/strong><\/p>","protected":false},"excerpt":{"rendered":"<p>TEHRAN - Gli Stati Uniti stanno usando il programma nucleare di Teheran come un pretesto per rimanere in confronto con la Repubblica islamica, ha dichiarato la Guida Suprema iraniana Ayatollah Ali...<\/p>","protected":false},"author":2,"featured_media":31824,"comment_status":"closed","ping_status":"closed","sticky":false,"template":"","format":"standard","meta":{"_acf_changed":false,"_lmt_disableupdate":"","_lmt_disable":"","footnotes":""},"categories":[3,7,1,580,2973],"tags":[4199,496,760,4203,10,4200,17,4201,38,41],"class_list":["post-31823","post","type-post","status-publish","format-standard","has-post-thumbnail","hentry","category-neprehlednete","category-politika","category-tema","category-vyber-sefredaktora","category-zahranicni","tag-ali-chamenei","tag-donald-trump","tag-iran-3","tag-jaderny-program","tag-news","tag-teheran","tag-top","tag-uran","tag-usa","tag-world"],"acf":[],"aioseo_notices":[],"_links":{"self":[{"href":"https:\/\/gnews.cz\/it\/wp-json\/wp\/v2\/posts\/31823","targetHints":{"allow":["GET"]}}],"collection":[{"href":"https:\/\/gnews.cz\/it\/wp-json\/wp\/v2\/posts"}],"about":[{"href":"https:\/\/gnews.cz\/it\/wp-json\/wp\/v2\/types\/post"}],"author":[{"embeddable":true,"href":"https:\/\/gnews.cz\/it\/wp-json\/wp\/v2\/users\/2"}],"replies":[{"embeddable":true,"href":"https:\/\/gnews.cz\/it\/wp-json\/wp\/v2\/comments?post=31823"}],"version-history":[{"count":0,"href":"https:\/\/gnews.cz\/it\/wp-json\/wp\/v2\/posts\/31823\/revisions"}],"wp:featuredmedia":[{"embeddable":true,"href":"https:\/\/gnews.cz\/it\/wp-json\/wp\/v2\/media\/31824"}],"wp:attachment":[{"href":"https:\/\/gnews.cz\/it\/wp-json\/wp\/v2\/media?parent=31823"}],"wp:term":[{"taxonomy":"category","embeddable":true,"href":"https:\/\/gnews.cz\/it\/wp-json\/wp\/v2\/categories?post=31823"},{"taxonomy":"post_tag","embeddable":true,"href":"https:\/\/gnews.cz\/it\/wp-json\/wp\/v2\/tags?post=31823"}],"curies":[{"name":"wp","href":"https:\/\/api.w.org\/{rel}","templated":true}]}}