{"id":34076,"date":"2025-10-01T21:15:00","date_gmt":"2025-10-01T19:15:00","guid":{"rendered":"https:\/\/www.gnews.cz\/?p=34076"},"modified":"2025-10-01T19:33:33","modified_gmt":"2025-10-01T17:33:33","slug":"la-francia-sequestra-la-petroliera-boracay-della-presunta-flotta-ombra-russa-il-cremlino-parla-di-provocazione","status":"publish","type":"post","link":"https:\/\/gnews.cz\/it\/ekonomika\/francie-zadrzela-tanker-boracay-z-udajne-ruske-stinove-flotily-kreml-hovori-o-provokaci\/","title":{"rendered":"La Francia intercetta la petroliera Boracay di una presunta \"flotta ombra\" russa. Il Cremlino parla di una provocazione"},"content":{"rendered":"<p><strong>Le forze armate francesi, in collaborazione con la marina, hanno effettuato un raid sulla petroliera Boracay, ancorata al largo delle coste francesi vicino a Saint-Nazaire. La nave, battente bandiera del Benin, \u00e8 sospettata di essere coinvolta nella flotta ombra russa, una rete di petroliere presumibilmente utilizzata per aggirare le sanzioni internazionali. I soldati francesi sono stati inviati a bordo per garantire il controllo e avviare un'indagine.<\/strong><\/p>\n\n\n\n<p>Boracay \u00e8 da tempo nelle liste di sanzioni dell'Unione Europea e del Regno Unito. Secondo gli investigatori, la nave \u00e8 caratterizzata da frequenti cambi di identit\u00e0, da una propriet\u00e0 opaca e dall'uso di metodi tipici della flotta ombra, come il trasbordo illegale di petrolio in mare o la manipolazione della documentazione. Inoltre, l'equipaggio si \u00e8 rifiutato di dimostrare la nazionalit\u00e0 della nave e non ha ottemperato alle richieste delle autorit\u00e0 francesi.<\/p>\n\n\n\n<blockquote class=\"wp-block-quote is-layout-flow wp-block-quote-is-layout-flow\">\n<p>L'intervento \u00e8 oggetto di indagine in relazione ai recenti incidenti di droni sopra la Danimarca. Secondo le informazioni disponibili al pubblico, Boracay si trovava nell'area del Baltico nei giorni in cui droni non identificati hanno disturbato il traffico negli aeroporti di Copenaghen e Aalborg. Secondo il Guardian, alcune navi potrebbero essere servite da piattaforma per il lancio dei droni.<\/p>\n<\/blockquote>\n\n\n\n<p>Presidente francese <strong>Emmanuel Macron<\/strong> ha difeso l'intervento e ha sottolineato che la flotta ombra \u00e8 un fenomeno reale e pericoloso. Le stime indicano che ci sono tra le sei e le dieci centinaia di navi che trasportano segretamente petrolio russo e che minano l'efficacia delle sanzioni. Secondo la Reuters, Macron ha dichiarato che la Francia deve fermare queste pratiche e proteggere la sicurezza europea e la stabilit\u00e0 energetica.<\/p>\n\n\n\n<p>Da parte russa, un portavoce del Cremlino ha risposto <strong>Dmitry Peskov<\/strong>Mosca non aveva informazioni specifiche sulla petroliera di Boracay. Ha inoltre accusato alcuni Paesi di <em>\"azioni ovviamente provocatorie\"<\/em>. Secondo Peskov, la Russia sta incontrando un comportamento ostile volto a destabilizzare la situazione in Europa. L'agenzia di stampa TASS ha aggiunto che l'Occidente sta cercando di estendere la pressione sulla flotta ombra russa agli alleati di Mosca, cosa che i media russi interpretano come parte di una pi\u00f9 ampia guerra commerciale e di informazione.<\/p>\n\n\n\n<p><strong>gnews.cz - GH<\/strong><\/p>","protected":false},"excerpt":{"rendered":"<p>Le forze armate francesi, in collaborazione con la marina, hanno effettuato un raid contro la petroliera Boracay, ancorata al largo delle coste francesi vicino a Saint-Nazaire. La nave, che naviga sotto...<\/p>","protected":false},"author":6,"featured_media":30235,"comment_status":"closed","ping_status":"closed","sticky":false,"template":"","format":"standard","meta":{"_acf_changed":false,"_lmt_disableupdate":"","_lmt_disable":"","footnotes":""},"categories":[4,2973],"tags":[6127,1464,46,43,3632,26,350,17],"class_list":["post-34076","post","type-post","status-publish","format-standard","has-post-thumbnail","hentry","category-ekonomika","category-zahranicni","tag-boracay","tag-energie","tag-eu","tag-francie","tag-mezinarodni-pravo","tag-rusko","tag-sankce","tag-top"],"acf":[],"aioseo_notices":[],"_links":{"self":[{"href":"https:\/\/gnews.cz\/it\/wp-json\/wp\/v2\/posts\/34076","targetHints":{"allow":["GET"]}}],"collection":[{"href":"https:\/\/gnews.cz\/it\/wp-json\/wp\/v2\/posts"}],"about":[{"href":"https:\/\/gnews.cz\/it\/wp-json\/wp\/v2\/types\/post"}],"author":[{"embeddable":true,"href":"https:\/\/gnews.cz\/it\/wp-json\/wp\/v2\/users\/6"}],"replies":[{"embeddable":true,"href":"https:\/\/gnews.cz\/it\/wp-json\/wp\/v2\/comments?post=34076"}],"version-history":[{"count":0,"href":"https:\/\/gnews.cz\/it\/wp-json\/wp\/v2\/posts\/34076\/revisions"}],"wp:featuredmedia":[{"embeddable":true,"href":"https:\/\/gnews.cz\/it\/wp-json\/wp\/v2\/media\/30235"}],"wp:attachment":[{"href":"https:\/\/gnews.cz\/it\/wp-json\/wp\/v2\/media?parent=34076"}],"wp:term":[{"taxonomy":"category","embeddable":true,"href":"https:\/\/gnews.cz\/it\/wp-json\/wp\/v2\/categories?post=34076"},{"taxonomy":"post_tag","embeddable":true,"href":"https:\/\/gnews.cz\/it\/wp-json\/wp\/v2\/tags?post=34076"}],"curies":[{"name":"wp","href":"https:\/\/api.w.org\/{rel}","templated":true}]}}