{"id":41241,"date":"2026-02-09T10:12:19","date_gmt":"2026-02-09T09:12:19","guid":{"rendered":"https:\/\/gnews.cz\/?p=41241"},"modified":"2026-02-16T10:16:24","modified_gmt":"2026-02-16T09:16:24","slug":"il-preludio-al-gala-della-festa-di-primavera-si-e-tenuto-ad-addis-abeba","status":"publish","type":"post","link":"https:\/\/gnews.cz\/it\/kultura\/predehra-k-galaveceru-svatku-jara-se-konala-v-addis-abebe\/","title":{"rendered":"Il preludio del Gala della Festa di Primavera si \u00e8 tenuto ad Addis Abeba"},"content":{"rendered":"<p id=\"wnd_TextBlock_74681771233267389834_inner_0\"><strong>Il China Media Group ha organizzato un evento \u201ePreludio alla Festa di Primavera\u201c nella capitale etiope Addis Abeba. All'evento hanno partecipato oltre 400 ospiti, tra cui funzionari governativi, diplomatici e amanti della cultura.<\/strong><\/p>\n\n\n\n<p id=\"wnd_TextBlock_74681771233267389834_inner_1\">L'evento ha messo in mostra gli elementi tradizionali delle celebrazioni della Festa di Primavera cinese, creando al contempo uno spazio per lo scambio culturale e il rafforzamento delle relazioni tra Cina ed Etiopia. Gli ospiti hanno avuto l'opportunit\u00e0 di vivere l'atmosfera del Gala della Festa di Primavera, che \u00e8 uno degli eventi culturali pi\u00f9 importanti in Cina e attira ogni anno centinaia di milioni di spettatori in tutto il mondo.<\/p>\n\n\n\n<p id=\"wnd_TextBlock_74681771233267389834_inner_2\">Eventi simili organizzati da China Media Group si tengono in molti Paesi per far conoscere la cultura tradizionale cinese al pubblico straniero e promuovere il dialogo culturale internazionale.<\/p>\n\n\n\n<p id=\"wnd_TextBlock_74681771233267389834_inner_3\"><a href=\"https:\/\/ksc4.cms.webnode.cz\/l\/predehra-k-galaveceru-svatku-jara-se-konala-v-addis-abebe\/#\"><strong>CMG<\/strong><\/a><\/p>","protected":false},"excerpt":{"rendered":"<p>China Media Group ha organizzato un evento \u201ePreludio alla Festa di Primavera\u201c nella capitale etiope Addis Abeba. All'evento hanno partecipato pi\u00f9 di 400...<\/p>","protected":false},"author":6,"featured_media":41243,"comment_status":"open","ping_status":"closed","sticky":false,"template":"","format":"video","meta":{"_acf_changed":false,"_lmt_disableupdate":"","_lmt_disable":"","footnotes":""},"categories":[6,2973],"tags":[8562,18,933,10364,545],"class_list":["post-41241","post","type-post","status-publish","format-video","has-post-thumbnail","hentry","category-kultura","category-zahranicni","tag-cinska-kultura","tag-cmg","tag-etiopie","tag-mezinarodni-kulturni-vymena","tag-svatek-jara","post_format-post-format-video"],"acf":[],"aioseo_notices":[],"_links":{"self":[{"href":"https:\/\/gnews.cz\/it\/wp-json\/wp\/v2\/posts\/41241","targetHints":{"allow":["GET"]}}],"collection":[{"href":"https:\/\/gnews.cz\/it\/wp-json\/wp\/v2\/posts"}],"about":[{"href":"https:\/\/gnews.cz\/it\/wp-json\/wp\/v2\/types\/post"}],"author":[{"embeddable":true,"href":"https:\/\/gnews.cz\/it\/wp-json\/wp\/v2\/users\/6"}],"replies":[{"embeddable":true,"href":"https:\/\/gnews.cz\/it\/wp-json\/wp\/v2\/comments?post=41241"}],"version-history":[{"count":1,"href":"https:\/\/gnews.cz\/it\/wp-json\/wp\/v2\/posts\/41241\/revisions"}],"predecessor-version":[{"id":41242,"href":"https:\/\/gnews.cz\/it\/wp-json\/wp\/v2\/posts\/41241\/revisions\/41242"}],"wp:featuredmedia":[{"embeddable":true,"href":"https:\/\/gnews.cz\/it\/wp-json\/wp\/v2\/media\/41243"}],"wp:attachment":[{"href":"https:\/\/gnews.cz\/it\/wp-json\/wp\/v2\/media?parent=41241"}],"wp:term":[{"taxonomy":"category","embeddable":true,"href":"https:\/\/gnews.cz\/it\/wp-json\/wp\/v2\/categories?post=41241"},{"taxonomy":"post_tag","embeddable":true,"href":"https:\/\/gnews.cz\/it\/wp-json\/wp\/v2\/tags?post=41241"}],"curies":[{"name":"wp","href":"https:\/\/api.w.org\/{rel}","templated":true}]}}