{"id":41400,"date":"2026-02-21T18:00:00","date_gmt":"2026-02-21T17:00:00","guid":{"rendered":"https:\/\/gnews.cz\/?p=41400"},"modified":"2026-04-28T11:44:50","modified_gmt":"2026-04-28T09:44:50","slug":"slovanska-epopej-alfonse-muchy-bratrska-skola-v-ivancicichkolebka-bible-kralicke","status":"publish","type":"post","link":"https:\/\/gnews.cz\/it\/neprehlednete\/slovanska-epopej-alfonse-muchy-bratrska-skola-v-ivancicichkolebka-bible-kralicke\/","title":{"rendered":"Epopea slava di Alfons Mucha - dipinto 15: La scuola dei fratelli di Ivan\u010dice - Culla della Bibbia reale"},"content":{"rendered":"<p><strong>Quadro quindici. Con il quindicesimo quadro dell'Epopea slava di Alfons Mucha, avrete la sensazione di non trovarvi di fronte a un semplice dipinto con un motivo armonioso e solare, ma letteralmente alla cronaca vivente di una nazione. La scena dedicata all'Unit\u00e0 dei Fratelli in Moravia vi colpir\u00e0 con una straordinaria forza positiva - silenziosa, ma urgente. In essa ho percepito il respiro profondo della storia e l'umile fede di persone che hanno scelto di servire la verit\u00e0 proclamata da Jan Hus e la Parola di Dio.<\/strong><\/p>\n\n\n\n<blockquote class=\"wp-block-quote is-layout-flow wp-block-quote-is-layout-flow\">\n<p>Mucha ha catturato qui il momento in cui il movimento religioso ispirato dagli insegnamenti di Petr Chel\u010dick\u00fd si trasfer\u00ec a Ivan\u010dice, sua citt\u00e0 natale. \u00c8 qui che l'Unit\u00e0 dei Fratelli inizi\u00f2 a stampare la prima Bibbia ceca completamente scritta - un'opera che fu completata nella vicina Kralice nad Oslavou e che pass\u00f2 alla storia come la Bibbia di Kralick\u00e1. Guardando il gruppo di fratelli riuniti intorno alle prime copie di questa Bibbia, sembra di sentire il fruscio della carta e il battito dei cuori di coloro che credevano che la lingua fosse il fondamento dell'identit\u00e0.<\/p>\n<\/blockquote>\n\n\n\n<p>In questo momento sacro entra il nobile moravo di \u017derot\u00edn, che arriva per un'ispezione. Gli studenti lo accolgono con riverenza ed entusiasmo. Ma \u00e8 un'altra la figura che mi ha colpito di pi\u00f9: un ragazzo che si mette in disparte e legge la Bibbia a un anziano cieco. Ho percepito umilt\u00e0 e determinazione nel suo atteggiamento. Ho letto che il suo modello di riferimento \u00e8 stato lo stesso Mucha in giovent\u00f9. \u00c8 stato qui che ho percepito che l'autore non si era impresso nel dipinto per vanit\u00e0, ma per una profonda fede personale nella missione dell'educazione e nella luce della conoscenza.<\/p>\n\n\n\n<blockquote class=\"wp-block-quote is-layout-flow wp-block-quote-is-layout-flow\">\n<p>Il simbolismo dei rondoni che volteggiano sul campanile della chiesa mi riemp\u00ec di una tranquilla tristezza. Questi messaggeri del futuro sembravano presagire la partenza forzata dei fratelli dopo la battaglia di White Mountain. Nelle loro ali sentivo inquietudine, ma anche speranza. La partenza per terre pi\u00f9 amiche non era solo una fuga, ma una continuazione del viaggio. A mio parere, Mucha ha espresso la convinzione che un'idea non pu\u00f2 essere messa a tacere, pu\u00f2 essere allontanata ma mai distrutta.<\/p>\n<\/blockquote>\n\n\n\n<p>La cupola alterata della chiesa di Ivan\u010dice sembra collegare il passato al futuro. L'immagine mi ha colpito come una silenziosa garanzia che l'identit\u00e0 ceca non si basa solo sulle vittorie, ma anche sulla perseveranza in tempi di oppressione. Ho provato orgoglio, emozione e gratitudine. Per me, il quindicesimo quadro dell'Epopea slava \u00e8 una preghiera per la nazione, la lingua, la fede e la memoria nazionale. Siete testimoni di un momento in cui \u00e8 nato un libro che ha superato il suo tempo ed \u00e8 diventato un simbolo della nostra identit\u00e0 nazionale. E questa, secondo me, \u00e8 la grandezza di quest'opera: pu\u00f2 risvegliare il cuore e ricordarci chi siamo.<\/p>\n\n\n\n<p><strong>Leggi anche: <em><a href=\"https:\/\/gnews.cz\/it\/tema\/lepopea-slava-di-alphonse-mucha-limmagine-del-tredicesimo-fieno-della-firma-contro-i-turchi-di-mikulas-zrinsky\/\" title=\"\">Epopea slava di Alfons Mucha - immagine quattordici: la difesa di Siget contro i Turchi di Nicola di Zrinsky\u00a0<\/a><\/em><\/strong><\/p>\n\n\n\n<p><strong>Jan Vojt\u011bch<\/strong>, caporedattore di General News<\/p>","protected":false},"excerpt":{"rendered":"<p>Quadro quindici. Con il quindicesimo quadro dell'Epopea slava di Alfons Mucha, sentirete che non solo un semplice quadro con un'armonia solare...<\/p>","protected":false},"author":6,"featured_media":41401,"comment_status":"open","ping_status":"closed","sticky":false,"template":"","format":"standard","meta":{"_acf_changed":false,"_lmt_disableupdate":"","_lmt_disable":"","footnotes":""},"categories":[2968,6,3],"tags":[411,10714,10713,10710,10715,10709,515,10711,10712,410,17,5689,41],"class_list":["post-41400","post","type-post","status-publish","format-standard","has-post-thumbnail","hentry","category-domaci","category-kultura","category-neprehlednete","tag-alfons-mucha","tag-bible-kralicka","tag-bratrska-skola-ivancice","tag-ceska-historie","tag-ceske-umeni","tag-ivancice","tag-jan-hus","tag-jednota-bratrska","tag-narodni-identita","tag-slovanska-epopej","tag-top","tag-top2","tag-world"],"acf":[],"aioseo_notices":[],"_links":{"self":[{"href":"https:\/\/gnews.cz\/it\/wp-json\/wp\/v2\/posts\/41400","targetHints":{"allow":["GET"]}}],"collection":[{"href":"https:\/\/gnews.cz\/it\/wp-json\/wp\/v2\/posts"}],"about":[{"href":"https:\/\/gnews.cz\/it\/wp-json\/wp\/v2\/types\/post"}],"author":[{"embeddable":true,"href":"https:\/\/gnews.cz\/it\/wp-json\/wp\/v2\/users\/6"}],"replies":[{"embeddable":true,"href":"https:\/\/gnews.cz\/it\/wp-json\/wp\/v2\/comments?post=41400"}],"version-history":[{"count":3,"href":"https:\/\/gnews.cz\/it\/wp-json\/wp\/v2\/posts\/41400\/revisions"}],"predecessor-version":[{"id":44769,"href":"https:\/\/gnews.cz\/it\/wp-json\/wp\/v2\/posts\/41400\/revisions\/44769"}],"wp:featuredmedia":[{"embeddable":true,"href":"https:\/\/gnews.cz\/it\/wp-json\/wp\/v2\/media\/41401"}],"wp:attachment":[{"href":"https:\/\/gnews.cz\/it\/wp-json\/wp\/v2\/media?parent=41400"}],"wp:term":[{"taxonomy":"category","embeddable":true,"href":"https:\/\/gnews.cz\/it\/wp-json\/wp\/v2\/categories?post=41400"},{"taxonomy":"post_tag","embeddable":true,"href":"https:\/\/gnews.cz\/it\/wp-json\/wp\/v2\/tags?post=41400"}],"curies":[{"name":"wp","href":"https:\/\/api.w.org\/{rel}","templated":true}]}}