{"id":41710,"date":"2026-02-15T09:11:13","date_gmt":"2026-02-15T08:11:13","guid":{"rendered":"https:\/\/gnews.cz\/?p=41710"},"modified":"2026-03-01T09:14:16","modified_gmt":"2026-03-01T08:14:16","slug":"multilateralismus-a-respekt-k-rozdilum-wang-yi-predstavil-cinskou-vizi-pro-svetovy-rad","status":"publish","type":"post","link":"https:\/\/gnews.cz\/it\/politika\/multilateralismus-a-respekt-k-rozdilum-wang-yi-predstavil-cinskou-vizi-pro-svetovy-rad\/","title":{"rendered":"Multilateralismo e rispetto delle differenze: Wang Yi presenta la visione cinese dell'ordine mondiale"},"content":{"rendered":"<p id=\"wnd_TextBlock_51741772352772967725_inner_0\"><strong>Il ministro degli Esteri cinese Wang Yi ha dichiarato alla Conferenza sulla sicurezza di Monaco che la Cina e l'Europa sono partner, non rivali, e ha invitato a perseguire l'armonia nel rispetto delle reciproche differenze.<\/strong><\/p>\n\n\n\n<p id=\"wnd_TextBlock_51741772352772967725_inner_1\">Wang, che \u00e8 anche membro del Politburo del Comitato Centrale del Partito Comunista Cinese, ha sottolineato che la situazione internazionale \u00e8 diventata significativamente pi\u00f9 complessa e instabile nell'ultimo anno. In risposta ai crescenti rischi per la sicurezza e alla confluenza delle sfide globali, ha affermato che la Cina continua a promuovere il multilateralismo e i principi democratici nelle relazioni internazionali.<\/p>\n\n\n\n<h3 class=\"wp-block-heading\" id=\"wnd_TextBlock_51741772352772967725_inner_2\">Sostegno al multilateralismo e al sistema delle Nazioni Unite<\/h3>\n\n\n\n<p id=\"wnd_TextBlock_51741772352772967725_inner_3\">Intervenendo al panel \u201eLa Cina nel mondo\u201c, Wang ha presentato la visione della Cina per affrontare l'incertezza globale e riformare l'ordine mondiale. Ha sottolineato che la chiave per migliorare la governance globale \u00e8 il rafforzamento del ruolo delle Nazioni Unite.<\/p>\n\n\n\n<p id=\"wnd_TextBlock_51741772352772967725_inner_4\">Secondo lui, \u00e8 la piattaforma delle Nazioni Unite che permette a tutti gli Stati - indipendentemente dalle loro dimensioni o dal loro potere economico - di esprimere la propria voce. Senza l'ONU, il mondo potrebbe tornare a un'epoca in cui i forti dominano i deboli, cosa che minaccerebbe in particolare i Paesi di piccole e medie dimensioni che dipendono dal sistema multilaterale.<\/p>\n\n\n\n<p id=\"wnd_TextBlock_51741772352772967725_inner_5\">Wang ha inoltre invitato a ricercare gli interessi comuni preservando le differenze e a sviluppare una cooperazione basata sul reciproco vantaggio. Ha fatto riferimento all'opera confuciana I colloqui di Confucio, dalla quale ha citato l'idea dell'armonia nella diversit\u00e0 come base per le relazioni tra gli Stati.<\/p>\n\n\n\n<h3 class=\"wp-block-heading\" id=\"wnd_TextBlock_51741772352772967725_inner_6\">Le relazioni tra Cina ed Europa<\/h3>\n\n\n\n<p id=\"wnd_TextBlock_51741772352772967725_inner_7\">Sul futuro delle relazioni Cina-Europa, Wang ha affermato che le due parti dovrebbero rafforzare la comunicazione strategica e la fiducia reciproca. Ha avvertito che l'etichettatura della Cina come una minaccia e il persistente pregiudizio anticinese potrebbero danneggiare lo sviluppo a lungo termine delle relazioni Cina-UE.<\/p>\n\n\n\n<p id=\"wnd_TextBlock_51741772352772967725_inner_8\">In un'intervista con il presidente della conferenza, Wolfgang Ischinger ha sottolineato l'importanza della cooperazione commerciale e l'elevato volume degli scambi reciproci come elemento di stabilizzazione delle relazioni.<\/p>\n\n\n\n<p id=\"wnd_TextBlock_51741772352772967725_inner_9\">Secondo l'esperto Jiang Feng della Shanghai Academy of Global Governance and Regional Studies, la realt\u00e0 delle relazioni sino-europee nel campo dell'economia e dei contatti interpersonali \u00e8 pi\u00f9 positiva di quanto spesso venga presentata nello spazio pubblico europeo. Ha inoltre affermato che la cooperazione economica rimane il pilastro principale delle relazioni bilaterali e pu\u00f2 contribuire al loro ulteriore rafforzamento.<\/p>\n\n\n\n<h3 class=\"wp-block-heading\" id=\"wnd_TextBlock_51741772352772967725_inner_10\">Il ruolo crescente della Cina nel mondo<\/h3>\n\n\n\n<p id=\"wnd_TextBlock_51741772352772967725_inner_11\">Secondo Jiang, la Cina sta svolgendo un ruolo sempre pi\u00f9 importante negli affari internazionali e sta diventando un attore indispensabile nella politica globale. Ha affermato che l'interesse per i discorsi e le discussioni del Ministro Wang sulle relazioni Cina-Europa \u00e8 stato molto pi\u00f9 alto quest'anno rispetto agli anni precedenti.<\/p>\n\n\n\n<p id=\"wnd_TextBlock_51741772352772967725_inner_12\">Secondo i partecipanti, la Cina \u00e8 stata citata praticamente in tutti i dibattiti, dallo sviluppo europeo alla formazione di un nuovo ordine mondiale, dalle relazioni transatlantiche ai conflitti regionali. Molti partecipanti hanno anche espresso interesse a saperne di pi\u00f9 sullo sviluppo della Cina e a visitare il Paese di persona.<\/p>\n\n\n\n<p id=\"wnd_TextBlock_51741772352772967725_inner_13\"><strong><a href=\"https:\/\/news.cgtn.com\/news\/2026-02-15\/Multilateralism-dialogue-Chinese-FM-shares-China-s-compass-for-world-1KLoD9gSNyg\/p.html\" target=\"_blank\" rel=\"noreferrer noopener\">CMG<\/a><\/strong><\/p>","protected":false},"excerpt":{"rendered":"<p>Il ministro degli Esteri cinese Wang Yi ha dichiarato alla Conferenza sulla sicurezza di Monaco che la Cina e l'Europa sono partner, non rivali, e ha invitato a...<\/p>","protected":false},"author":6,"featured_media":41711,"comment_status":"open","ping_status":"closed","sticky":false,"template":"","format":"standard","meta":{"_acf_changed":false,"_lmt_disableupdate":"","_lmt_disable":"","footnotes":""},"categories":[7,2973],"tags":[22,18,4094,4778,300],"class_list":["post-41710","post","type-post","status-publish","format-standard","has-post-thumbnail","hentry","category-politika","category-zahranicni","tag-cina","tag-cmg","tag-evropska-unie","tag-multilateralismus","tag-wang-yi"],"acf":[],"aioseo_notices":[],"_links":{"self":[{"href":"https:\/\/gnews.cz\/it\/wp-json\/wp\/v2\/posts\/41710","targetHints":{"allow":["GET"]}}],"collection":[{"href":"https:\/\/gnews.cz\/it\/wp-json\/wp\/v2\/posts"}],"about":[{"href":"https:\/\/gnews.cz\/it\/wp-json\/wp\/v2\/types\/post"}],"author":[{"embeddable":true,"href":"https:\/\/gnews.cz\/it\/wp-json\/wp\/v2\/users\/6"}],"replies":[{"embeddable":true,"href":"https:\/\/gnews.cz\/it\/wp-json\/wp\/v2\/comments?post=41710"}],"version-history":[{"count":1,"href":"https:\/\/gnews.cz\/it\/wp-json\/wp\/v2\/posts\/41710\/revisions"}],"predecessor-version":[{"id":41712,"href":"https:\/\/gnews.cz\/it\/wp-json\/wp\/v2\/posts\/41710\/revisions\/41712"}],"wp:featuredmedia":[{"embeddable":true,"href":"https:\/\/gnews.cz\/it\/wp-json\/wp\/v2\/media\/41711"}],"wp:attachment":[{"href":"https:\/\/gnews.cz\/it\/wp-json\/wp\/v2\/media?parent=41710"}],"wp:term":[{"taxonomy":"category","embeddable":true,"href":"https:\/\/gnews.cz\/it\/wp-json\/wp\/v2\/categories?post=41710"},{"taxonomy":"post_tag","embeddable":true,"href":"https:\/\/gnews.cz\/it\/wp-json\/wp\/v2\/tags?post=41710"}],"curies":[{"name":"wp","href":"https:\/\/api.w.org\/{rel}","templated":true}]}}