{"id":42322,"date":"2026-03-21T15:30:00","date_gmt":"2026-03-21T14:30:00","guid":{"rendered":"https:\/\/gnews.cz\/?p=42322"},"modified":"2026-04-28T21:15:18","modified_gmt":"2026-04-28T19:15:18","slug":"slovanska-epopej-alfonse-muchy-obraz-devatenacty-zruseni-nevolnictvi-na-rusi-svobodna-prace-osnova-narodu","status":"publish","type":"post","link":"https:\/\/gnews.cz\/it\/tema\/slovanska-epopej-alfonse-muchy-obraz-devatenacty-zruseni-nevolnictvi-na-rusi-svobodna-prace-osnova-narodu\/","title":{"rendered":"Epopea slava di Alfons Mucha - pittura del XIX secolo: L'abolizione della servit\u00f9 della gleba in Russia. Il lavoro libero - il curriculum delle nazioni"},"content":{"rendered":"<p><strong>Il diciannovesimo quadro. Non so voi, ma io vedo questo quadro come una vecchia visione familiare dei luoghi della storia. Ho sentito una strana tensione che non \u00e8 facile da descrivere. La sensazione \u00e8 quella di trovarsi nel mezzo di qualcosa di cui si fa parte e che i tempi rappresentati sono recenti. Ci si trova nel mezzo di un momento che trascende la realt\u00e0 quotidiana rappresentata. \u00c8 in momenti come questi che mi rendo conto della potenza dello spirito umano, dell'energia umana e del pensiero umano, se combinati con fede e determinazione. Fin dai primi minuti ho percepito un'atmosfera quasi celebrativa, eppure cos\u00ec ordinaria e pacifica. Non si trattava di una celebrazione formale, ma di una genuina espressione di appartenenza umana da parte di una persona comune, alla quale si apre il futuro, riscaldata dai raggi del sole. La gente non agisce come una folla anonima, ma in modo molto concreto, come persone che sono venute a condividere un'esperienza comune, un'energia comune e soprattutto una speranza comune. E questa speranza, energia e fede \u00e8 ci\u00f2 che ha riempito l'intero momento di straordinaria potenza.<\/strong><\/p>\n\n\n\n<p>Davanti a questo monumentale dipinto di 8,10 x 6,10, sentirete anche lo strano peso della storia. \u00c8 una profonda testimonianza di un momento cruciale della storia russa. Il dipinto raffigura il momento in cui l'editto del 1861 che abolisce la servit\u00f9 della gleba viene annunciato al popolo russo, un evento che segna la fine di secoli di crudele ordine sociale. A prima vista, la composizione pu\u00f2 sembrare un semplice raduno storico nella Piazza Rossa. Tuttavia, pi\u00f9 si osserva il dipinto, pi\u00f9 si riconosce la profondit\u00e0 drammatica del destino umano che si cela sotto la potente emozione. Le figure non sono rappresentate in trionfo, come ci si potrebbe aspettare quando viene annunciata la libert\u00e0. Al contrario. Nei loro volti c'\u00e8 inizialmente un misto di stupore, incertezza, paura e cauta speranza, cos\u00ec tipico della Russia. \u00c8 questo livello psicologico che rende l'immagine della Russia particolarmente potente.<\/p>\n\n\n\n<blockquote class=\"wp-block-quote is-layout-flow wp-block-quote-is-layout-flow\">\n<p><strong>Il simbolismo \u00e8 estremamente espressivo. La silhouette dominante del simbolo spirituale della Piazza Rossa, la Cattedrale di Vassil il Beato, non appare solo come un dettaglio architettonico sullo sfondo. Essa funge da asse verticale dell'intera composizione, come testimone silenzioso e potente della storia russa. Le sue torri colorate richiamano simbolicamente la dimensione spirituale della civilt\u00e0 russa, come tradizione, fede e continuit\u00e0 che trascende le epoche politiche. Il contrasto tra il maestoso tempio e gli abitanti della piazza evidenzia anche le profonde contraddizioni sociali della societ\u00e0 dell'epoca. Le figure dei contadini sono rappresentate con abiti pesanti e semplici, la cui postura appare spesso incerta ed esitante. Al contrario, i rappresentanti del potere o delle classi urbane appaiono pi\u00f9 calmi e sicuri di s\u00e9. Questo contrasto visivo non \u00e8 casuale: simboleggia l'abisso reale che \u00e8 esistito per secoli tra i governanti e i governati.<\/strong><\/p>\n<\/blockquote>\n\n\n\n<p>Alcune persone nel dipinto guardano verso il luogo da cui viene annunciato l'editto, altre guardano a terra o nello spazio, come se cercassero di capire cosa significhi per loro questa nuova libert\u00e0. La libert\u00e0 non \u00e8 qui rappresentata come una liberazione immediata, ma come una soglia storica e un momento in cui il vecchio mondo \u00e8 finito ma il nuovo non \u00e8 ancora pienamente compreso. \u00c8 qui che risiede il potere spirituale non solo di questa immagine, ma anche dell'immagine stessa della Russia. Dimostra che la storia non \u00e8 solo una serie di decisioni politiche, ma soprattutto un dramma di destini umani. La libert\u00e0 pu\u00f2 arrivare all'improvviso, ma la sua comprensione e realizzazione richiede tempo, coraggio e trasformazione sociale. Ci vedo una meditazione letterale e profonda sulla dignit\u00e0 umana, sul passaggio dalla sudditanza alla responsabilit\u00e0 del proprio destino, perch\u00e9 ogni persona comune vuole avere una vera libert\u00e0 di scelta. Inoltre, le dimensioni monumentali della tela esaltano due sensazioni: la grandezza del momento e la grandezza della terra dove il sole non tramonta mai. Inoltre, siamo di fronte a un momento che non appartiene solo alla Russia, ma all'intera storia europea. L'immagine agisce quindi come un silenzioso ma potente promemoria del fatto che ogni societ\u00e0 deve affrontare il proprio viaggio verso la libert\u00e0 e che questo viaggio \u00e8 sempre accompagnato da speranze e paure.<\/p>\n\n\n\n<p><strong>Leggi anche: <a href=\"https:\/\/gnews.cz\/it\/tema\/slovanska-epopej-alfonze-muchy-obraz-osumnacty-prisaha-omladiny-pod-slovanskou-lipou-1894\/\" title=\"\"><a href=\"https:\/\/gnews.cz\/wp-admin\/post.php?post=42326&amp;action=edit\">Epopea slava di Alfons Mucha - dipinto 18: Giuramento di \u201eOmladina\u201c sotto il tiglio slavo 1894<\/a><\/a><\/strong><\/p>\n\n\n\n<p><strong>Jan Vojt\u011bch, caporedattore, Notizie generali<\/strong><\/p>","protected":false},"excerpt":{"rendered":"<p>Il diciannovesimo quadro. Non so voi, ma io vedo questo quadro come una vecchia visione familiare dei luoghi della storia. Ho sentito una strana tensione che...<\/p>","protected":false},"author":10,"featured_media":42323,"comment_status":"open","ping_status":"closed","sticky":false,"template":"","format":"standard","meta":{"_acf_changed":false,"_lmt_disableupdate":"","_lmt_disable":"","footnotes":""},"categories":[2968,6,3,1,580],"tags":[411,45,11599,78,5420,4025,10948,11606,2188,11601,74,8777,11611,11605,11604,11377,10,11602,11378,11600,11614,1835,11603,11613,409,410,5328,11607,11608,11609,11376,17,5689,11610,11612,41],"class_list":["post-42322","post","type-post","status-publish","format-standard","has-post-thumbnail","hentry","category-domaci","category-kultura","category-neprehlednete","category-tema","category-vyber-sefredaktora","tag-alfons-mucha","tag-cr","tag-duchovni-atmosfera","tag-evropa","tag-general-news","tag-gnews-cz","tag-historicka-pamet","tag-inspirace","tag-jan-vojtech","tag-komentar","tag-kultura","tag-lidska-dustojnost","tag-lidska-sounalezitost","tag-moralni-odhodlani","tag-nadeje","tag-narod","tag-news","tag-odvaha","tag-osnova-narodu","tag-osobni-svedectvi","tag-pozitivni-energie","tag-recenze","tag-sila-idealu","tag-slavnostni-atmosfera","tag-slovane","tag-slovanska-epopej","tag-solidarita","tag-spolecenska-jednota","tag-spolecenska-odpovednost","tag-spolecne-hodnoty","tag-svobodna-prace","tag-top","tag-top2","tag-vira-v-budoucnost","tag-vitezstvi-ducha","tag-world"],"acf":[],"aioseo_notices":[],"_links":{"self":[{"href":"https:\/\/gnews.cz\/it\/wp-json\/wp\/v2\/posts\/42322","targetHints":{"allow":["GET"]}}],"collection":[{"href":"https:\/\/gnews.cz\/it\/wp-json\/wp\/v2\/posts"}],"about":[{"href":"https:\/\/gnews.cz\/it\/wp-json\/wp\/v2\/types\/post"}],"author":[{"embeddable":true,"href":"https:\/\/gnews.cz\/it\/wp-json\/wp\/v2\/users\/10"}],"replies":[{"embeddable":true,"href":"https:\/\/gnews.cz\/it\/wp-json\/wp\/v2\/comments?post=42322"}],"version-history":[{"count":4,"href":"https:\/\/gnews.cz\/it\/wp-json\/wp\/v2\/posts\/42322\/revisions"}],"predecessor-version":[{"id":44879,"href":"https:\/\/gnews.cz\/it\/wp-json\/wp\/v2\/posts\/42322\/revisions\/44879"}],"wp:featuredmedia":[{"embeddable":true,"href":"https:\/\/gnews.cz\/it\/wp-json\/wp\/v2\/media\/42323"}],"wp:attachment":[{"href":"https:\/\/gnews.cz\/it\/wp-json\/wp\/v2\/media?parent=42322"}],"wp:term":[{"taxonomy":"category","embeddable":true,"href":"https:\/\/gnews.cz\/it\/wp-json\/wp\/v2\/categories?post=42322"},{"taxonomy":"post_tag","embeddable":true,"href":"https:\/\/gnews.cz\/it\/wp-json\/wp\/v2\/tags?post=42322"}],"curies":[{"name":"wp","href":"https:\/\/api.w.org\/{rel}","templated":true}]}}