{"id":42359,"date":"2026-03-14T15:30:00","date_gmt":"2026-03-14T14:30:00","guid":{"rendered":"https:\/\/gnews.cz\/?p=42359"},"modified":"2026-03-14T15:38:19","modified_gmt":"2026-03-14T14:38:19","slug":"jidlo-topeni-ucty-za-energie-dojizdeni-vsechno-se-prodrazuje","status":"publish","type":"post","link":"https:\/\/gnews.cz\/it\/tema\/jidlo-topeni-ucty-za-energie-dojizdeni-vsechno-se-prodrazuje\/","title":{"rendered":"Cibo, riscaldamento, bollette, spostamenti: tutto sta diventando pi\u00f9 costoso."},"content":{"rendered":"<p><strong>BERLINO - La Germania sta diventando sempre pi\u00f9 diseguale dal punto di vista sociale. La vita sta diventando sempre pi\u00f9 costosa per la maggioranza. L'esplosione dei prezzi degli ultimi cinque anni ha colpito in modo particolare le persone a basso e medio reddito. Esse devono spendere gran parte del loro reddito per l'abitazione, l'energia e il cibo. Sono questi i settori in cui i prezzi sono aumentati di pi\u00f9: rispetto al 2020, gli alimenti sono diventati pi\u00f9 costosi di oltre il 30% e l'energia domestica di quasi il 50%.<\/strong><\/p>\n\n\n\n<p>Il governo Merz non sta facendo nulla al riguardo. L'accordo di coalizione ci aveva promesso costi energetici ancora pi\u00f9 bassi. Ora si applicano solo alle grandi aziende. Ma i prezzi non sono scontati. Vogliamo regolare i prezzi e limitarli dove necessario, in modo che le imprese non possano aumentare arbitrariamente i loro profitti. Questo vale non solo per gli affitti, ma anche per l'energia e il cibo. Nessuno dovrebbe preoccuparsi di fare la spesa alla fine del mese. Gli aumenti arbitrari dei prezzi per i nostri bisogni primari non devono pi\u00f9 essere tollerati.<\/p>\n\n\n\n<p><strong><a href=\"https:\/\/www.die-linke.de\/themen\/preissteigerungen\/\" title=\"\">die-linke.de<\/a>\/gnews.cz-jav<\/strong><\/p>","protected":false},"excerpt":{"rendered":"<p>BERLINO - La Germania sta diventando sempre pi\u00f9 diseguale dal punto di vista sociale. La vita sta diventando sempre pi\u00f9 costosa per la maggioranza. L'esplosione dei prezzi degli ultimi cinque anni...<\/p>","protected":false},"author":10,"featured_media":42362,"comment_status":"open","ping_status":"closed","sticky":false,"template":"","format":"standard","meta":{"_acf_changed":false,"_lmt_disableupdate":"","_lmt_disable":"","footnotes":""},"categories":[4,3,658,1,2973],"tags":[997,11407,11409,1464,46,78,3567,173,10,11410,963,11408,11411,17,41],"class_list":["post-42359","post","type-post","status-publish","format-standard","has-post-thumbnail","hentry","category-ekonomika","category-neprehlednete","category-prectete-si","category-tema","category-zahranicni","tag-ceny","tag-die-linke","tag-drahota","tag-energie","tag-eu","tag-evropa","tag-merz","tag-nemecko","tag-news","tag-nizka-prijmova-skupna","tag-potraviny","tag-socialni-nerovnost","tag-stredni-prijmova-skupina","tag-top","tag-world"],"acf":[],"aioseo_notices":[],"_links":{"self":[{"href":"https:\/\/gnews.cz\/it\/wp-json\/wp\/v2\/posts\/42359","targetHints":{"allow":["GET"]}}],"collection":[{"href":"https:\/\/gnews.cz\/it\/wp-json\/wp\/v2\/posts"}],"about":[{"href":"https:\/\/gnews.cz\/it\/wp-json\/wp\/v2\/types\/post"}],"author":[{"embeddable":true,"href":"https:\/\/gnews.cz\/it\/wp-json\/wp\/v2\/users\/10"}],"replies":[{"embeddable":true,"href":"https:\/\/gnews.cz\/it\/wp-json\/wp\/v2\/comments?post=42359"}],"version-history":[{"count":2,"href":"https:\/\/gnews.cz\/it\/wp-json\/wp\/v2\/posts\/42359\/revisions"}],"predecessor-version":[{"id":42364,"href":"https:\/\/gnews.cz\/it\/wp-json\/wp\/v2\/posts\/42359\/revisions\/42364"}],"wp:featuredmedia":[{"embeddable":true,"href":"https:\/\/gnews.cz\/it\/wp-json\/wp\/v2\/media\/42362"}],"wp:attachment":[{"href":"https:\/\/gnews.cz\/it\/wp-json\/wp\/v2\/media?parent=42359"}],"wp:term":[{"taxonomy":"category","embeddable":true,"href":"https:\/\/gnews.cz\/it\/wp-json\/wp\/v2\/categories?post=42359"},{"taxonomy":"post_tag","embeddable":true,"href":"https:\/\/gnews.cz\/it\/wp-json\/wp\/v2\/tags?post=42359"}],"curies":[{"name":"wp","href":"https:\/\/api.w.org\/{rel}","templated":true}]}}