{"id":42750,"date":"2026-03-23T15:00:00","date_gmt":"2026-03-23T14:00:00","guid":{"rendered":"https:\/\/gnews.cz\/?p=42750"},"modified":"2026-03-23T12:18:44","modified_gmt":"2026-03-23T11:18:44","slug":"ceska-vladni-koalice-navrhuje-castecne-zruseni-poplatku-za-televizi-a-rozhlas-pro-seniory-mlade-a-zdravotne-postizene","status":"publish","type":"post","link":"https:\/\/gnews.cz\/it\/neprehlednete\/ceska-vladni-koalice-navrhuje-castecne-zruseni-poplatku-za-televizi-a-rozhlas-pro-seniory-mlade-a-zdravotne-postizene\/","title":{"rendered":"La coalizione di governo ceca propone l'abolizione parziale del canone radiotelevisivo per anziani, giovani e disabili"},"content":{"rendered":"<p><strong>La coalizione al governo nella Repubblica Ceca ha annunciato oggi che marted\u00ec 24 marzo 2026 presenter\u00e0 alla Camera dei Deputati una proposta di legge che abolir\u00e0 parzialmente i diritti di licenza per i media pubblici. La proposta \u00e8 stata presentata dai leader dei partiti di governo ANO, SPD e Motoristi dopo la riunione odierna del consiglio di coalizione, ha dichiarato Tomio Okamura, presidente della Camera dei Deputati e leader dell'SPD.<\/strong><\/p>\n\n\n\n<p>Secondo Okamura, la proposta dovrebbe concentrarsi su <strong>eliminare le tariffe per gruppi specifici di residenti e imprese<\/strong>, che includono <strong>Anziani, imprese, giovani dipendenti fino a 26 anni e persone con disabilit\u00e0<\/strong>. Il documento affermava inoltre che i proventi delle tasse dovevano essere <strong>tornare allo stato del 2024<\/strong>, cio\u00e8 come erano prima di una parte delle modifiche entrate in vigore l'anno scorso.<\/p>\n\n\n\n<p>Secondo i rapporti disponibili, ad esempio, potrebbero essere per alcuni <strong>anziani oltre una certa et\u00e0<\/strong> abolire del tutto il pagamento delle tasse, il che darebbe sollievo a migliaia di famiglie.<\/p>\n\n\n\n<blockquote class=\"wp-block-quote is-layout-flow wp-block-quote-is-layout-flow\">\n<p>I canoni di concessione nella Repubblica Ceca funzionano secondo la legge attuale in modo tale che <strong>Chiunque possieda un apparecchio in grado di ricevere trasmissioni televisive o radiofoniche \u00e8 tenuto a pagare un canone mensile.<\/strong>. Ora \u00e8 <strong>150 CZK per la TV e 55 CZK per la radio<\/strong>, e le tendenze pandemiche e digitali degli ultimi anni hanno portato all'estensione dell'obbligo ai dispositivi con accesso a Internet.<\/p>\n<\/blockquote>\n\n\n\n<p>I funzionari della coalizione hanno dichiarato all'inizio di gennaio che <strong>L'abolizione completa di queste tasse non \u00e8 prevista prima del 2027.<\/strong>, in cui i media pubblici - la Televisione Ceca e la Radio Ceca - dovrebbero essere finanziati direttamente dal bilancio statale anzich\u00e9 attraverso il canone.<\/p>\n\n\n\n<p>Le reazioni pubbliche e professionali alla mossa odierna sono contrastanti. Alcuni commenti politici sui social media e nel dibattito pubblico sottolineano il fatto che <strong>la questione delle tariffe \u00e8 delicata<\/strong>, perch\u00e9 \u00e8 una fonte di finanziamento per garantire il funzionamento dei media del servizio pubblico senza l'intervento diretto del governo.<\/p>\n\n\n\n<blockquote class=\"wp-block-quote is-layout-flow wp-block-quote-is-layout-flow\">\n<p>Altri dibattiti riguardanti i media di servizio pubblico sono emersi di recente con frequenza: ad esempio, si \u00e8 speculato sull'effetto che i cambiamenti di finanziamento potrebbero avere sull'indipendenza dell'emittenza radiotelevisiva e se <strong>modifiche all'autonomia editoriale<\/strong> avrebbe potuto essere pi\u00f9 marcato.<\/p>\n<\/blockquote>\n\n\n\n<p>Ma i partiti di governo della coalizione hanno ripetutamente sottolineato oggi che la proposta \u00e8 <strong>solo il primo passo verso una riforma a lungo termine del finanziamento dei media pubblici<\/strong> e che i passi attuali sono destinati a portare <strong>sgravi immediati per gruppi e imprese selezionati<\/strong>.\u202f<\/p>\n\n\n\n<p><strong>gnews.cz - GH<\/strong><\/p>","protected":false},"excerpt":{"rendered":"<p>La coalizione al governo nella Repubblica Ceca ha annunciato oggi che marted\u00ec 24 marzo 2026 presenter\u00e0 alla Camera dei Deputati una proposta di legge che abolir\u00e0 parzialmente il canone per il servizio pubblico...<\/p>","protected":false},"author":6,"featured_media":42751,"comment_status":"open","ping_status":"closed","sticky":false,"template":"","format":"standard","meta":{"_acf_changed":false,"_lmt_disableupdate":"","_lmt_disable":"","footnotes":""},"categories":[2968,3,7],"tags":[6807,3953,11706,11709,11707,8977,574,17,6784,336,41,11708],"class_list":["post-42750","post","type-post","status-publish","format-standard","has-post-thumbnail","hentry","category-domaci","category-neprehlednete","category-politika","tag-ceska-televize","tag-cesky-rozhlas","tag-koncesionarske-poplatky","tag-mladi-lide-do-26-let","tag-reforma-medii","tag-seniori","tag-tomio-okamura","tag-top","tag-verejnopravni-media","tag-vladni-koalice","tag-world","tag-zdravotne-postizene"],"acf":[],"aioseo_notices":[],"_links":{"self":[{"href":"https:\/\/gnews.cz\/it\/wp-json\/wp\/v2\/posts\/42750","targetHints":{"allow":["GET"]}}],"collection":[{"href":"https:\/\/gnews.cz\/it\/wp-json\/wp\/v2\/posts"}],"about":[{"href":"https:\/\/gnews.cz\/it\/wp-json\/wp\/v2\/types\/post"}],"author":[{"embeddable":true,"href":"https:\/\/gnews.cz\/it\/wp-json\/wp\/v2\/users\/6"}],"replies":[{"embeddable":true,"href":"https:\/\/gnews.cz\/it\/wp-json\/wp\/v2\/comments?post=42750"}],"version-history":[{"count":1,"href":"https:\/\/gnews.cz\/it\/wp-json\/wp\/v2\/posts\/42750\/revisions"}],"predecessor-version":[{"id":42752,"href":"https:\/\/gnews.cz\/it\/wp-json\/wp\/v2\/posts\/42750\/revisions\/42752"}],"wp:featuredmedia":[{"embeddable":true,"href":"https:\/\/gnews.cz\/it\/wp-json\/wp\/v2\/media\/42751"}],"wp:attachment":[{"href":"https:\/\/gnews.cz\/it\/wp-json\/wp\/v2\/media?parent=42750"}],"wp:term":[{"taxonomy":"category","embeddable":true,"href":"https:\/\/gnews.cz\/it\/wp-json\/wp\/v2\/categories?post=42750"},{"taxonomy":"post_tag","embeddable":true,"href":"https:\/\/gnews.cz\/it\/wp-json\/wp\/v2\/tags?post=42750"}],"curies":[{"name":"wp","href":"https:\/\/api.w.org\/{rel}","templated":true}]}}