{"id":42758,"date":"2026-03-23T21:00:00","date_gmt":"2026-03-23T20:00:00","guid":{"rendered":"https:\/\/gnews.cz\/?p=42758"},"modified":"2026-03-23T19:25:18","modified_gmt":"2026-03-23T18:25:18","slug":"cesko-a-slovensko-prohlubuji-spolupraci-vlada-zaroven-chysta-desitky-novych-zakonu","status":"publish","type":"post","link":"https:\/\/gnews.cz\/it\/neprehlednete\/cesko-a-slovensko-prohlubuji-spolupraci-vlada-zaroven-chysta-desitky-novych-zakonu\/","title":{"rendered":"Repubblica Ceca e Slovacchia approfondiscono la cooperazione, il governo prepara decine di nuove leggi"},"content":{"rendered":"<p><strong>Il governo ceco di Andrej Babi\u0161 si \u00e8 riunito regolarmente luned\u00ec 23 marzo. Il gabinetto ha approvato un memorandum sulla cooperazione rafforzata con il governo slovacco, che mira a rafforzare significativamente le relazioni reciproche tra i due Paesi. Il documento dovrebbe essere firmato dai primi ministri ceco e slovacco in occasione di una nuova riunione di gabinetto congiunta prevista per marted\u00ec 31 marzo.<\/strong><\/p>\n\n\n\n<p>Il Memorandum \u00e8 stato redatto in occasione della ripresa di questi negoziati congiunti. Il suo obiettivo \u00e8 quello di promuovere forme concrete di cooperazione tra i ministeri in diversi settori, dalla politica estera, all'economia, alla sicurezza e alla difesa, fino al turismo e allo sport. L'obiettivo \u00e8 anche quello di contribuire a rafforzare la competitivit\u00e0 e la prosperit\u00e0 di entrambi i Paesi e di approfondire il dialogo strategico regolare e il coordinamento delle posizioni all'interno dell'Unione Europea, dell'Alleanza Nord Atlantica e del Gruppo di Visegrad.<\/p>\n\n\n\n<p>Il Governo ha inoltre approvato il piano di lavoro legislativo per il resto dell'anno e le prospettive per il 2027 e il 2028, sulla base della dichiarazione programmatica del Governo, delle esigenze dei singoli ministeri e degli impegni della Repubblica Ceca nei confronti dell'Unione Europea.<\/p>\n\n\n\n<p>Prevede un totale di 114 compiti legislativi entro la fine dell'anno. Tra questi, un progetto di legge costituzionale, due progetti di legge sostanziali, quindici progetti di legge, settantadue emendamenti a leggi, quattordici progetti di regolamenti governativi e dieci emendamenti a tali regolamenti.<\/p>\n\n\n\n<blockquote class=\"wp-block-quote is-layout-flow wp-block-quote-is-layout-flow\">\n<p>Le principali priorit\u00e0 includono la preparazione del bilancio statale per il prossimo anno, il progetto di legge sulla registrazione delle entrate, la modifica della legge sull'assicurazione pensionistica finalizzata alla sostenibilit\u00e0 a lungo termine e a un'equa indicizzazione delle pensioni e la legge sull'intelligenza artificiale. Quest'ultima mira a rafforzare il ruolo della Repubblica Ceca come creatore attivo della politica digitale europea nel campo dell'IA.<\/p>\n<\/blockquote>\n\n\n\n<p>Il Consiglio dei Ministri ha inoltre deciso un cambio di personale. Luk\u00e1\u0161 Klu\u010dka, primo viceministro dell'Interno e rappresentante statutario del Ministero per la digitalizzazione e la sicurezza interna, \u00e8 diventato il nuovo Commissario del Governo per la digitalizzazione e la sicurezza strategica con effetto dal 23 marzo.<\/p>\n\n\n\n<p><strong><a href=\"https:\/\/vlada.gov.cz\/cz\/media-centrum\/aktualne\/vlada-schvalila-memorandum-o-prohloubene-spolupraci-se-slovenskou-vladou-a-svuj-plan-legislativnich-praci-226040\/\" title=\"\">Governo<\/a>\/gnews.cz - GH<\/strong><\/p>","protected":false},"excerpt":{"rendered":"<p>Il governo ceco di Andrej Babi\u0161 si \u00e8 riunito regolarmente luned\u00ec 23 marzo. Il gabinetto ha approvato un memorandum sulla cooperazione rafforzata con...<\/p>","protected":false},"author":6,"featured_media":42759,"comment_status":"open","ping_status":"closed","sticky":false,"template":"","format":"standard","meta":{"_acf_changed":false,"_lmt_disableupdate":"","_lmt_disable":"","footnotes":""},"categories":[2968,3,7],"tags":[11714,11717,11715,11719,11713,11718,11712,10761,17,10695,41,11716],"class_list":["post-42758","post","type-post","status-publish","format-standard","has-post-thumbnail","hentry","category-domaci","category-neprehlednete","category-politika","tag-cesko-slovensko-spoluprace","tag-digitalizace-statni-spravy","tag-duchodova-reforma-cesko","tag-evropska-politika-eu","tag-legislativni-plan-2026","tag-lukas-klucka","tag-memorandum-vlady","tag-statni-rozpocet-cr","tag-top","tag-vlada-andreje-babise","tag-world","tag-zakon-o-umele-inteligenci"],"acf":[],"aioseo_notices":[],"_links":{"self":[{"href":"https:\/\/gnews.cz\/it\/wp-json\/wp\/v2\/posts\/42758","targetHints":{"allow":["GET"]}}],"collection":[{"href":"https:\/\/gnews.cz\/it\/wp-json\/wp\/v2\/posts"}],"about":[{"href":"https:\/\/gnews.cz\/it\/wp-json\/wp\/v2\/types\/post"}],"author":[{"embeddable":true,"href":"https:\/\/gnews.cz\/it\/wp-json\/wp\/v2\/users\/6"}],"replies":[{"embeddable":true,"href":"https:\/\/gnews.cz\/it\/wp-json\/wp\/v2\/comments?post=42758"}],"version-history":[{"count":1,"href":"https:\/\/gnews.cz\/it\/wp-json\/wp\/v2\/posts\/42758\/revisions"}],"predecessor-version":[{"id":42760,"href":"https:\/\/gnews.cz\/it\/wp-json\/wp\/v2\/posts\/42758\/revisions\/42760"}],"wp:featuredmedia":[{"embeddable":true,"href":"https:\/\/gnews.cz\/it\/wp-json\/wp\/v2\/media\/42759"}],"wp:attachment":[{"href":"https:\/\/gnews.cz\/it\/wp-json\/wp\/v2\/media?parent=42758"}],"wp:term":[{"taxonomy":"category","embeddable":true,"href":"https:\/\/gnews.cz\/it\/wp-json\/wp\/v2\/categories?post=42758"},{"taxonomy":"post_tag","embeddable":true,"href":"https:\/\/gnews.cz\/it\/wp-json\/wp\/v2\/tags?post=42758"}],"curies":[{"name":"wp","href":"https:\/\/api.w.org\/{rel}","templated":true}]}}