{"id":42777,"date":"2026-03-24T18:00:00","date_gmt":"2026-03-24T17:00:00","guid":{"rendered":"https:\/\/gnews.cz\/?p=42777"},"modified":"2026-03-24T14:45:27","modified_gmt":"2026-03-24T13:45:27","slug":"mezinarodni-unie-novinaru-durazne-odsuzuje-utoky-na-novinare-a-medialni-organizace","status":"publish","type":"post","link":"https:\/\/gnews.cz\/it\/tema\/mezinarodni-unie-novinaru-durazne-odsuzuje-utoky-na-novinare-a-medialni-organizace\/","title":{"rendered":"L'Unione Internazionale dei Giornalisti condanna fermamente gli attacchi ai giornalisti e alle organizzazioni dei media"},"content":{"rendered":"<p><strong>L'Unione Internazionale dei Giornalisti (IUJ) esprime la sua profonda preoccupazione e <a href=\"https:\/\/www.intuj.com\/uncategorized\/iuj-strongly-condemns-attacks-on-journalists-and-media-organizations\/\" title=\"\">condanna con forza il crescente numero di attacchi<\/a> su giornalisti e organizzazioni mediatiche di tutto il mondo.<\/strong><\/p>\n\n\n\n<p><em>\u201eIl dovere primario dei giornalisti che lavorano \u00e8 quello di fornire al pubblico informazioni accurate, concrete ed equilibrate. Il nostro lavoro \u00e8 strettamente professionale, privo di pregiudizi politici e di secondi fini. Eppure i giornalisti sono sempre pi\u00f9 spesso i primi bersagli nelle aree di guerra e di conflitto. L'IUJ sottolinea che un attacco a un'organizzazione mediatica non \u00e8 solo la distruzione di un edificio; \u00e8 un attacco diretto alla libert\u00e0 di parola, al diritto del pubblico all'informazione e ai valori democratici fondamentali\u201c.\u201c<\/em> ha scritto l'IUJ in un comunicato.<\/p>\n\n\n\n<p>L'IUJ ha avvertito che i giornalisti che lavorano nelle zone di conflitto affrontano pericoli estremi e rischiano la vita ogni giorno per svolgere il loro lavoro. <em>\u201eIl loro ruolo \u00e8 fondamentale per documentare la realt\u00e0 sul campo, denunciare le violazioni dei diritti umani e informare l'opinione pubblica mondiale. Qualsiasi attacco o danno diretto contro di loro o le loro organizzazioni \u00e8 assolutamente inaccettabile\u201c.\u201c<\/em><\/p>\n\n\n\n<blockquote class=\"wp-block-quote is-layout-flow wp-block-quote-is-layout-flow\">\n<p><em>\u201eL'Esecutivo invita tutte le parti coinvolte nei conflitti a rispettare il diritto internazionale e gli accordi che garantiscono la sicurezza dei giornalisti. Le organizzazioni dei media devono essere considerate spazi civili e in nessun caso devono essere considerate obiettivi militari\u201c.\u201c<\/em> ha dichiarato il sindacato.<\/p>\n<\/blockquote>\n\n\n\n<p><em>\u201eChiediamo alle organizzazioni internazionali, alle istituzioni per i diritti umani e ai governi di adottare misure immediate per garantire la sicurezza dei giornalisti e delle strutture mediatiche nelle aree di conflitto. Chiediamo che i responsabili degli attacchi agli operatori dei media siano chiamati a rispondere delle loro azioni e subiscano severe sanzioni legali\u201c.\u201c<\/em><\/p>\n\n\n\n<p>Secondo la sua dichiarazione, l'UIG \u00e8 fermamente solidale con tutti i professionisti e le istituzioni dei media colpiti. <em>\u201eRibadiamo il nostro impegno per la libert\u00e0 di stampa e chiediamo un ambiente sicuro in cui i giornalisti possano svolgere il loro lavoro senza paura, minacce o intimidazioni\u201c.\u201c<\/em><\/p>\n\n\n\n<p><strong><a href=\"https:\/\/www.intuj.com\/uncategorized\/iuj-strongly-condemns-attacks-on-journalists-and-media-organizations\/\" title=\"\">IUJ<\/a>\/gnews.cz - GH<\/strong><\/p>","protected":false},"excerpt":{"rendered":"<p>L'Unione Internazionale dei Giornalisti (UIG) esprime profonda preoccupazione e condanna con forza il crescente numero di attacchi contro giornalisti e organizzazioni mediatiche in tutto il mondo. \u201eIl principale...<\/p>","protected":false},"author":6,"featured_media":42778,"comment_status":"open","ping_status":"closed","sticky":false,"template":"","format":"standard","meta":{"_acf_changed":false,"_lmt_disableupdate":"","_lmt_disable":"","footnotes":""},"categories":[2968,3,7,1,2973],"tags":[11728,3480,11730,11726,351,11729,3632,318,9945,17,11727,41],"class_list":["post-42777","post","type-post","status-publish","format-standard","has-post-thumbnail","hentry","category-domaci","category-neprehlednete","category-politika","category-tema","category-zahranicni","tag-bezpecnost-novinaru","tag-demokracie","tag-iuj","tag-konfliktni-zony","tag-lidska-prava","tag-medialni-organizace","tag-mezinarodni-pravo","tag-novinari","tag-svoboda-tisku","tag-top","tag-utoky-na-media","tag-world"],"acf":[],"aioseo_notices":[],"_links":{"self":[{"href":"https:\/\/gnews.cz\/it\/wp-json\/wp\/v2\/posts\/42777","targetHints":{"allow":["GET"]}}],"collection":[{"href":"https:\/\/gnews.cz\/it\/wp-json\/wp\/v2\/posts"}],"about":[{"href":"https:\/\/gnews.cz\/it\/wp-json\/wp\/v2\/types\/post"}],"author":[{"embeddable":true,"href":"https:\/\/gnews.cz\/it\/wp-json\/wp\/v2\/users\/6"}],"replies":[{"embeddable":true,"href":"https:\/\/gnews.cz\/it\/wp-json\/wp\/v2\/comments?post=42777"}],"version-history":[{"count":1,"href":"https:\/\/gnews.cz\/it\/wp-json\/wp\/v2\/posts\/42777\/revisions"}],"predecessor-version":[{"id":42779,"href":"https:\/\/gnews.cz\/it\/wp-json\/wp\/v2\/posts\/42777\/revisions\/42779"}],"wp:featuredmedia":[{"embeddable":true,"href":"https:\/\/gnews.cz\/it\/wp-json\/wp\/v2\/media\/42778"}],"wp:attachment":[{"href":"https:\/\/gnews.cz\/it\/wp-json\/wp\/v2\/media?parent=42777"}],"wp:term":[{"taxonomy":"category","embeddable":true,"href":"https:\/\/gnews.cz\/it\/wp-json\/wp\/v2\/categories?post=42777"},{"taxonomy":"post_tag","embeddable":true,"href":"https:\/\/gnews.cz\/it\/wp-json\/wp\/v2\/tags?post=42777"}],"curies":[{"name":"wp","href":"https:\/\/api.w.org\/{rel}","templated":true}]}}