{"id":42923,"date":"2026-03-27T21:30:00","date_gmt":"2026-03-27T20:30:00","guid":{"rendered":"https:\/\/gnews.cz\/?p=42923"},"modified":"2026-04-01T06:24:34","modified_gmt":"2026-04-01T04:24:34","slug":"gnews-rozhovor-s-poslancem-janem-hrncirem-spd-dil-iv-o-fialove-politice-a-co-delat","status":"publish","type":"post","link":"https:\/\/gnews.cz\/it\/tema\/gnews-rozhovor-s-poslancem-janem-hrncirem-spd-dil-iv-o-fialove-politice-a-co-delat\/","title":{"rendered":"GNEWS Intervista con il deputato Jan Hrn\u010d\u00ed\u0159 (SPD), parte IV: sulla politica della Fial e sul da farsi"},"content":{"rendered":"<p><strong>La dura critica \u00e8 rivolta al governo di Petr Fiala. Il deputato Jan Hrn\u010d\u00ed\u0159 del gruppo Libert\u00e0 e Democrazia Diretta (SPD) non ha usato mezzi termini nell'intervista e ha accusato il governo di non aver affrontato i problemi delle famiglie e dell'industria ceca. Nella parte successiva dell'intervista per&nbsp;<a href=\"https:\/\/gnews.cz\/it\/\">Gnews.cz<\/a>&nbsp;<\/strong><\/p>\n\n\n\n<figure class=\"wp-block-embed is-provider-youtube wp-block-embed-youtube\"><div class=\"wp-block-embed__wrapper\">\n<iframe title=\"Jan Hrn\u010d\u00ed\u0159 (SPD) sulla politica della Fial e sulle azioni da intraprendere\" width=\"1170\" height=\"658\" src=\"https:\/\/www.youtube.com\/embed\/dzOq2nO4gDc?feature=oembed\" frameborder=\"0\" allow=\"accelerometer; autoplay; clipboard-write; encrypted-media; gyroscope; picture-in-picture; web-share\" referrerpolicy=\"strict-origin-when-cross-origin\" allowfullscreen><\/iframe>\n<\/div><\/figure>\n\n\n\n<p><em>\u00c8 possibile guardare la terza parte della nostra intervista con Jan Hrn\u010d\u00ed\u0159<\/em>&nbsp;<strong><a href=\"https:\/\/youtu.be\/_H6TAGFwnDk\">qui<\/a><\/strong><\/p>\n\n\n\n<blockquote class=\"wp-block-quote is-layout-flow wp-block-quote-is-layout-flow\">\n<p><strong>Secondo Hrn\u010d\u00ed\u0159, questa situazione ha avuto un forte impatto sul risultato elettorale. \u201eMolte famiglie sono state pignorate e abbiamo sperimentato una cosa chiamata povert\u00e0 energetica\u201c, ha detto. Questo fenomeno era prima sconosciuto nella Repubblica Ceca, ma negli ultimi anni \u00e8 diventato una realt\u00e0 per migliaia di famiglie.<\/strong><\/p>\n<\/blockquote>\n\n\n\n<p>Parole dure sono state spese anche nei confronti dell'Unione Europea e delle politiche di Green Deal. Hrn\u010d\u00ed\u0159 sostiene che il governo della Fial si \u00e8 concentrato pi\u00f9 su Bruxelles che sui propri cittadini e ha contribuito in modo significativo all'applicazione delle normative ambientali che, a suo avviso, hanno avuto un impatto negativo sull'economia. Sebbene il governo indichi una crescita economica di circa il 2,5 %, Hrn\u010d\u00ed\u0159 sottolinea che, a suo avviso, essa \u00e8 dovuta principalmente alla dissoluzione dei risparmi delle famiglie dopo un periodo di alta inflazione. Il settore manifatturiero, invece, si \u00e8 indebolito nel lungo periodo.<\/p>\n\n\n\n<blockquote class=\"wp-block-quote is-layout-flow wp-block-quote-is-layout-flow\">\n<p><strong>Secondo l'eurodeputato, le misure attuali vanno nella direzione opposta. Lo Stato si far\u00e0 carico di una parte dei costi di supporto alle centrali solari, il che dovrebbe alleggerire le famiglie e le aziende. \u201eSi tratta di circa 17 miliardi di CZK\u201c, ha detto, aggiungendo che i prezzi dell'elettricit\u00e0 erano tra i pi\u00f9 alti in Europa sotto il precedente governo.<\/strong><\/p>\n<\/blockquote>\n\n\n\n<p>Il tema rimane esplosivo: chi \u00e8 il vero responsabile dei costosi problemi energetici ed economici dei cechi?<\/p>\n\n\n\n<p><em>\u00c8 possibile guardare la parte precedente dell'intervista<\/em>: <strong><em><a href=\"https:\/\/gnews.cz\/it\/tema\/gnews-rozhovor-s-poslancem-janem-hrncirem-spd-dil-iii-bez-ciny-pry-evropa-nezvladne-technologie-ani-elektromobily\/\" target=\"_blank\" rel=\"noopener\" title=\"\">qui<\/a><\/em><\/strong>\u00a0<\/p>\n\n\n\n<p><strong>Notizie generali<\/strong><\/p>","protected":false},"excerpt":{"rendered":"<p>La dura critica \u00e8 rivolta al governo di Petr Fiala. Il deputato Jan Hrn\u010d\u00ed\u0159 del gruppo Libert\u00e0 e Democrazia Diretta (SPD) non ha usato mezzi termini in un'intervista e ha accusato...<\/p>","protected":false},"author":9,"featured_media":42785,"comment_status":"open","ping_status":"closed","sticky":false,"template":"","format":"standard","meta":{"_acf_changed":false,"_lmt_disableupdate":"","_lmt_disable":"","footnotes":""},"categories":[2968,7,658,2,1,580],"tags":[45,11838,11842,11839,46,78,11840,5420,3071,11732,10,9267,1314,11841,11755,17,6360,41],"class_list":["post-42923","post","type-post","status-publish","format-standard","has-post-thumbnail","hentry","category-domaci","category-politika","category-prectete-si","category-rozhovory","category-tema","category-vyber-sefredaktora","tag-cr","tag-ceske-rodiny","tag-drahe-energie","tag-energeticka-chudoba","tag-eu","tag-evropa","tag-fenomen","tag-general-news","tag-green-deal","tag-jan-hrncir","tag-news","tag-poslanec","tag-prumysl","tag-solarni-elektrarny","tag-svoboda-a-prima-demokracie-spd","tag-top","tag-vlada-petra-fialy","tag-world"],"acf":[],"aioseo_notices":[],"_links":{"self":[{"href":"https:\/\/gnews.cz\/it\/wp-json\/wp\/v2\/posts\/42923","targetHints":{"allow":["GET"]}}],"collection":[{"href":"https:\/\/gnews.cz\/it\/wp-json\/wp\/v2\/posts"}],"about":[{"href":"https:\/\/gnews.cz\/it\/wp-json\/wp\/v2\/types\/post"}],"author":[{"embeddable":true,"href":"https:\/\/gnews.cz\/it\/wp-json\/wp\/v2\/users\/9"}],"replies":[{"embeddable":true,"href":"https:\/\/gnews.cz\/it\/wp-json\/wp\/v2\/comments?post=42923"}],"version-history":[{"count":3,"href":"https:\/\/gnews.cz\/it\/wp-json\/wp\/v2\/posts\/42923\/revisions"}],"predecessor-version":[{"id":43282,"href":"https:\/\/gnews.cz\/it\/wp-json\/wp\/v2\/posts\/42923\/revisions\/43282"}],"wp:featuredmedia":[{"embeddable":true,"href":"https:\/\/gnews.cz\/it\/wp-json\/wp\/v2\/media\/42785"}],"wp:attachment":[{"href":"https:\/\/gnews.cz\/it\/wp-json\/wp\/v2\/media?parent=42923"}],"wp:term":[{"taxonomy":"category","embeddable":true,"href":"https:\/\/gnews.cz\/it\/wp-json\/wp\/v2\/categories?post=42923"},{"taxonomy":"post_tag","embeddable":true,"href":"https:\/\/gnews.cz\/it\/wp-json\/wp\/v2\/tags?post=42923"}],"curies":[{"name":"wp","href":"https:\/\/api.w.org\/{rel}","templated":true}]}}