{"id":42926,"date":"2026-03-28T21:30:00","date_gmt":"2026-03-28T20:30:00","guid":{"rendered":"https:\/\/gnews.cz\/?p=42926"},"modified":"2026-04-01T15:58:32","modified_gmt":"2026-04-01T13:58:32","slug":"gnews-rozhovor-s-poslancem-janem-hrncirem-spd-dil-v-o-iranu-vzdy-je-lepsi-hledat-diplomaticke-reseni","status":"publish","type":"post","link":"https:\/\/gnews.cz\/it\/rozhovory\/gnews-rozhovor-s-poslancem-janem-hrncirem-spd-dil-v-o-iranu-vzdy-je-lepsi-hledat-diplomaticke-reseni\/","title":{"rendered":"GNEWS Intervista al deputato Jan Hrn\u010d\u00ed\u0159 (SPD), parte V: sull'Iran - \u00e8 sempre meglio cercare una soluzione diplomatica"},"content":{"rendered":"<p><strong>Il deputato Jan Hrn\u010d\u00ed\u0159 del gruppo Libert\u00e0 e Democrazia Diretta (SPD) mette in guardia dalle conseguenze dei conflitti militari. In un'intervista, ha sottolineato che l'aggressione, a suo avviso, non risolve mai nulla e, al contrario, porta ulteriori problemi che possono colpire l'Europa.<\/strong> <strong>Nell'ultima parte dell'intervista per&nbsp;<a href=\"https:\/\/gnews.cz\/it\/\">Gnews.cz<\/a>&nbsp;<\/strong><\/p>\n\n\n\n<figure class=\"wp-block-embed is-provider-youtube wp-block-embed-youtube\"><div class=\"wp-block-embed__wrapper\">\n<iframe title=\"Jan Hrn\u010d\u00ed\u0159 (SPD) sull&#039;Iran\" width=\"1170\" height=\"658\" src=\"https:\/\/www.youtube.com\/embed\/eJEgolFQmlU?feature=oembed\" frameborder=\"0\" allow=\"accelerometer; autoplay; clipboard-write; encrypted-media; gyroscope; picture-in-picture; web-share\" referrerpolicy=\"strict-origin-when-cross-origin\" allowfullscreen><\/iframe>\n<\/div><\/figure>\n\n\n\n<p><em>\u00c8 possibile ascoltare anche la quarta parte della nostra intervista con Jan Hrn\u010d\u00ed\u0159<\/em> <strong><a href=\"https:\/\/youtu.be\/_H6TAGFwnDk\">qui<\/a><\/strong><\/p>\n\n\n\n<p><strong>\u201eSiamo contrari a qualsiasi aggressione. \u00c8 sempre meglio cercare una soluzione diplomatica\u201c, ha detto Hrn\u010d\u00ed\u0159. Ha ricordato che gli interventi militari in passato hanno spesso portato a Stati divisi, ondate migratorie e minacce alla sicurezza.<\/strong><\/p>\n\n\n\n<p>A titolo di esempio, ha citato il conflitto in Siria, dopo il quale l'Europa ha dovuto affrontare non solo una crisi migratoria ma anche una serie di attacchi terroristici. Ha detto che c'\u00e8 il rischio concreto che una situazione simile possa ripetersi. \u201ePotrebbe esserci una recrudescenza degli attacchi islamici anche sul nostro territorio\u201c, ha avvertito.<\/p>\n\n\n\n<p>Ha inoltre richiamato l'attenzione sul possibile impatto economico. Un'ulteriore escalation dei conflitti potrebbe, a suo avviso, influire negativamente sulla crescita economica dell'Unione Europea e riportare l'economia in recessione. Hrn\u010d\u00ed\u0159 ha commentato anche le tensioni sull'Iran. Pur ammettendo che le azioni degli Stati Uniti o di Israele possono avere ragioni di sicurezza, rifiuta l'eliminazione di leader politici senza processo.<\/p>\n\n\n\n<blockquote class=\"wp-block-quote is-layout-flow wp-block-quote-is-layout-flow\">\n<p><strong>\u201eAnche se il regime \u00e8 dannoso, non si devono superare certi limiti\u201c, ha sottolineato. Ha affermato che \u00e8 necessario tornare alla diplomazia e cercare soluzioni al tavolo dei negoziati, non sul campo di battaglia.<\/strong><\/p>\n<\/blockquote>\n\n\n\n<p>La dichiarazione riapre quindi una questione fondamentale: l'Europa rischia di tornare al terrore a causa dei conflitti in corso?<\/p>\n\n\n\n<p><em>\u00c8 possibile guardare la parte precedente dell'intervista<\/em>: <strong><a href=\"https:\/\/gnews.cz\/it\/tema\/gnews-rozhovor-s-poslancem-janem-hrncirem-spd-dil-iv-o-fialove-politice-a-co-delat\/\" title=\"\">qui<\/a><\/strong><\/p>\n\n\n\n<p><strong>Notizie generali<\/strong><\/p>","protected":false},"excerpt":{"rendered":"<p>Il deputato Jan Hrn\u010d\u00ed\u0159 di Libert\u00e0 e Democrazia Diretta (SPD) mette in guardia dalle conseguenze dei conflitti militari. In un'intervista ha sottolineato che l'aggressione, a suo avviso,...<\/p>","protected":false},"author":9,"featured_media":42785,"comment_status":"open","ping_status":"closed","sticky":false,"template":"","format":"standard","meta":{"_acf_changed":false,"_lmt_disableupdate":"","_lmt_disable":"","footnotes":""},"categories":[2968,3,7,2,580,2973],"tags":[2482,8453,45,1523,5327,78,5420,4025,760,11890,11732,11889,10,9267,9960,11755,212,17,5689,11888,11887,41],"class_list":["post-42926","post","type-post","status-publish","format-standard","has-post-thumbnail","hentry","category-domaci","category-neprehlednete","category-politika","category-rozhovory","category-vyber-sefredaktora","category-zahranicni","tag-agrese","tag-bezpecnostni-hrozby","tag-cr","tag-diplomacie","tag-eskalace","tag-evropa","tag-general-news","tag-gnews-cz","tag-iran-3","tag-islamisticke-utoky","tag-jan-hrncir","tag-migracni-krize","tag-news","tag-poslanec","tag-riziko","tag-svoboda-a-prima-demokracie-spd","tag-syrie","tag-top","tag-top2","tag-vojenske-zasahy","tag-vojenskych-konfliktu","tag-world"],"acf":[],"aioseo_notices":[],"_links":{"self":[{"href":"https:\/\/gnews.cz\/it\/wp-json\/wp\/v2\/posts\/42926","targetHints":{"allow":["GET"]}}],"collection":[{"href":"https:\/\/gnews.cz\/it\/wp-json\/wp\/v2\/posts"}],"about":[{"href":"https:\/\/gnews.cz\/it\/wp-json\/wp\/v2\/types\/post"}],"author":[{"embeddable":true,"href":"https:\/\/gnews.cz\/it\/wp-json\/wp\/v2\/users\/9"}],"replies":[{"embeddable":true,"href":"https:\/\/gnews.cz\/it\/wp-json\/wp\/v2\/comments?post=42926"}],"version-history":[{"count":3,"href":"https:\/\/gnews.cz\/it\/wp-json\/wp\/v2\/posts\/42926\/revisions"}],"predecessor-version":[{"id":43281,"href":"https:\/\/gnews.cz\/it\/wp-json\/wp\/v2\/posts\/42926\/revisions\/43281"}],"wp:featuredmedia":[{"embeddable":true,"href":"https:\/\/gnews.cz\/it\/wp-json\/wp\/v2\/media\/42785"}],"wp:attachment":[{"href":"https:\/\/gnews.cz\/it\/wp-json\/wp\/v2\/media?parent=42926"}],"wp:term":[{"taxonomy":"category","embeddable":true,"href":"https:\/\/gnews.cz\/it\/wp-json\/wp\/v2\/categories?post=42926"},{"taxonomy":"post_tag","embeddable":true,"href":"https:\/\/gnews.cz\/it\/wp-json\/wp\/v2\/tags?post=42926"}],"curies":[{"name":"wp","href":"https:\/\/api.w.org\/{rel}","templated":true}]}}