{"id":42942,"date":"2026-03-28T15:30:00","date_gmt":"2026-03-28T14:30:00","guid":{"rendered":"https:\/\/gnews.cz\/?p=42942"},"modified":"2026-04-28T21:11:49","modified_gmt":"2026-04-28T19:11:49","slug":"slovanska-epopej-alfonse-muchy-obraz-dvacaty-apotheosa-z-dejin-slovanstva-ctyri-obdobi-slovanstva-ve-ctyrech-barvach","status":"publish","type":"post","link":"https:\/\/gnews.cz\/it\/tema\/slovanska-epopej-alfonse-muchy-obraz-dvacaty-apotheosa-z-dejin-slovanstva-ctyri-obdobi-slovanstva-ve-ctyrech-barvach\/","title":{"rendered":"Epopea slava di Alfons Mucha - il ventesimo quadro: Apoteosi dalla Storia della Slavoneria. Quattro periodi della storia slava in quattro colori"},"content":{"rendered":"<p><strong>Il ventesimo quadro. Vi trovate a fluttuare in uno spazio in cui il tempo non \u00e8 una linea, ma un cerchio solido e forte - e al centro di esso pulsa in modo dominante il dipinto L'epopea slava, apoteosi della slavit\u00e0 di Alfons Mucha. Il culmine di questo ciclo brillante riguarda, tra l'altro, una cosmologia letteralmente incarnata in colori, figure e simboli; \u00e8 una mappa mistica della memoria collettiva basata sulla realt\u00e0 e sull'eredit\u00e0 storica che si riversa attraverso i secoli come un fiume infinito e dolce. La composizione si dispiega come un mandala spirituale. I quattro flussi di colore non sono solo un'immagine estetica, ma un'espressione ontologica del flusso della storia. Nell'angolo in basso a destra, il colore blu \u00e8 letteralmente profondo, quasi liquido, come una sorgente dell'inconscio. \u00c8 l'inizio primordiale, mitico, in cui gli Slavi nascono dalla nebbia della foresta, dell'acqua e dei tempi incerti. Il blu qui non \u00e8 freddo, ma materno, porta il silenzio prima delle parole, il potenziale della storia prima dell'azione.<\/strong><\/p>\n\n\n\n<p>L'asta opposta, rossa in alto a sinistra, si presenta come una cicatrice insanguinata e allo stesso tempo come un vessillo. Questo colore concentra il fuoco delle guerre hussite: sangue e fede, distruzione, rinascita e invincibilit\u00e0. Il rosso qui non \u00e8 solo un elemento di confronto, ma \u00e8 letteralmente l'energia eruttiva della resistenza, il momento in cui la storia si spezza e l'uomo si confronta con il suo destino. Tra questi poli si agita una massa scura, a prima vista una sorta di figura in nero che personifica l'oppressione. Non sono individualizzati, ma piuttosto ombrosi, come se fossero archetipi del nemico stesso. Nella loro presenza risuonano le incursioni dei Franchi, degli Avari e delle dominazioni successive. Qui il nero assorbe la luce, \u00e8 il peso di tutta la storia, ma allo stesso tempo crea un contrasto senza il quale la luce della speranza non sarebbe affatto percepibile.<\/p>\n\n\n\n<p>Anche in questo caso, come nelle tele precedenti, la speranza si presenta sotto forma di giallo, un colore che non abbaglia ma illumina. Le figure immerse in esso non appaiono trionfanti in senso aggressivo, ma piuttosto portatrici di una calma consapevolezza del compimento. \u00c8 la luce della riconciliazione, della libert\u00e0 e dell'unit\u00e0, una sorta di orizzonte escatologico in cui la storia si chiude in armonia. Il centro del dipinto \u00e8 occupato da un giovane uomo forte e con le braccia aperte: una figura che non \u00e8 una persona specifica, ma un'incarnazione della sofferenza e della speranza collettiva. Il suo gesto forte e patetico rispecchia il motivo di Cristo come sacrificio e redenzione. Tuttavia, non si tratta di una copia ma di una trasposizione, in cui l'uomo slavo \u00e8 portatore della propria storia di salvezza.<\/p>\n\n\n\n<p>Attorno ad essa si snodano cerchi di corone, la cui forma ciclica evoca unit\u00e0 ed eternit\u00e0. I giovani con i rami di tiglio sono un simbolo dell'identit\u00e0 slava, che rende un omaggio credibile al passato, ma allo stesso tempo lo trasforma. Tra loro si pu\u00f2 persino riconoscere un riferimento alle Legioni cecoslovacche, la cui presenza collega il mito alla storia moderna. Al di sopra di tutto, ci sono altri segni seri, la colomba come silenzioso respiro di pace e l'arcobaleno come una sorta di ponte tra tutti i mondi esistenti. Questi simboli non sono una decorazione, ma sono il linguaggio attraverso il quale il dipinto parla del superamento di dualit\u00e0 come la guerra e la pace, la sofferenza e la gioia, il passato e il futuro.<\/p>\n\n\n\n<p>L'insieme sembra un paesaggio spirituale in cui il tempo non \u00e8 lineare, e oserei usare la mia parola preferita, stratificato. Qui il passato non si allontana, ma persiste come energia che plasma il presente e il futuro. Cos\u00ec, Mucha non crea solo un'immagine storica, ma un'immensa visione metafisica che ci sfida a comprendere la storia come un processo che deve andare verso l'unit\u00e0, altrimenti gli Slavi cesseranno di esistere. In questa apoteosi, il trionfo non \u00e8 il grido dei vincitori, ma la silenziosa luce salutare della conoscenza.<\/p>\n\n\n\n<p><strong>Leggi anche:<\/strong> <a href=\"https:\/\/gnews.cz\/it\/tema\/slovanska-epopej-alfonse-muchy-obraz-sesnacty-jan-amos-komensky-ucitel-narodu-plaminek-nadeje\/\" title=\"\"><strong>Epopea slava di Alfons Mucha - pittura <a href=\"https:\/\/gnews.cz\/wp-admin\/post.php?post=42322&amp;action=edit\">Diciannovesimo: Abolizione della servit\u00f9 della gleba in Russia. Il lavoro libero - il curriculum delle nazioni<\/a><\/strong><\/a><\/p>\n\n\n\n<p><strong>Jan Vojt\u011bch, caporedattore, Notizie generali<\/strong><\/p>","protected":false},"excerpt":{"rendered":"<p>La ventesima immagine. State fluttuando in uno spazio in cui il tempo non \u00e8 una linea, ma un cerchio solido e potente - e nel suo centro pulsa in modo dominante...<\/p>","protected":false},"author":10,"featured_media":42945,"comment_status":"open","ping_status":"closed","sticky":false,"template":"","format":"standard","meta":{"_acf_changed":false,"_lmt_disableupdate":"","_lmt_disable":"","footnotes":""},"categories":[2968,6,3,1,3104,580,8,5],"tags":[411,11875,11883,11873,11874,11882,45,11884,11872,11880,7668,10948,11881,9713,7051,8601,755,11878,11877,10712,10,410,9509,11871,17,8547,5689,11885,11879,41,11876],"class_list":["post-42942","post","type-post","status-publish","format-standard","has-post-thumbnail","hentry","category-domaci","category-kultura","category-neprehlednete","category-tema","category-veda","category-vyber-sefredaktora","category-zabava","category-zdravy-styl","tag-alfons-mucha","tag-apoteoza-slovanstva","tag-avari","tag-barevna-symbolika","tag-cerna-barva","tag-cervena-barva","tag-cr","tag-ceskoslovenske-legie","tag-duchovni-rozmer","tag-duha","tag-frankove","tag-historicka-pamet","tag-holubice","tag-husitske-valky","tag-jednota","tag-kristus","tag-mir","tag-modra-barva","tag-mytologie","tag-narodni-identita","tag-news","tag-slovanska-epopej","tag-slovanska-historie","tag-symbolismus","tag-top","tag-top-2","tag-top2","tag-umelecka-analyza","tag-utlak-slovanu","tag-world","tag-zluta-barva"],"acf":[],"aioseo_notices":[],"_links":{"self":[{"href":"https:\/\/gnews.cz\/it\/wp-json\/wp\/v2\/posts\/42942","targetHints":{"allow":["GET"]}}],"collection":[{"href":"https:\/\/gnews.cz\/it\/wp-json\/wp\/v2\/posts"}],"about":[{"href":"https:\/\/gnews.cz\/it\/wp-json\/wp\/v2\/types\/post"}],"author":[{"embeddable":true,"href":"https:\/\/gnews.cz\/it\/wp-json\/wp\/v2\/users\/10"}],"replies":[{"embeddable":true,"href":"https:\/\/gnews.cz\/it\/wp-json\/wp\/v2\/comments?post=42942"}],"version-history":[{"count":4,"href":"https:\/\/gnews.cz\/it\/wp-json\/wp\/v2\/posts\/42942\/revisions"}],"predecessor-version":[{"id":44877,"href":"https:\/\/gnews.cz\/it\/wp-json\/wp\/v2\/posts\/42942\/revisions\/44877"}],"wp:featuredmedia":[{"embeddable":true,"href":"https:\/\/gnews.cz\/it\/wp-json\/wp\/v2\/media\/42945"}],"wp:attachment":[{"href":"https:\/\/gnews.cz\/it\/wp-json\/wp\/v2\/media?parent=42942"}],"wp:term":[{"taxonomy":"category","embeddable":true,"href":"https:\/\/gnews.cz\/it\/wp-json\/wp\/v2\/categories?post=42942"},{"taxonomy":"post_tag","embeddable":true,"href":"https:\/\/gnews.cz\/it\/wp-json\/wp\/v2\/tags?post=42942"}],"curies":[{"name":"wp","href":"https:\/\/api.w.org\/{rel}","templated":true}]}}