{"id":42971,"date":"2026-03-29T19:30:00","date_gmt":"2026-03-29T17:30:00","guid":{"rendered":"https:\/\/gnews.cz\/?p=42971"},"modified":"2026-03-29T19:18:52","modified_gmt":"2026-03-29T17:18:52","slug":"cesko-a-slovensko-obnovuji-mezivladni-konzultace-po-trilete-pauze","status":"publish","type":"post","link":"https:\/\/gnews.cz\/it\/tema\/cesko-a-slovensko-obnovuji-mezivladni-konzultace-po-trilete-pauze\/","title":{"rendered":"Repubblica Ceca e Slovacchia riprendono le consultazioni intergovernative dopo una pausa di tre anni"},"content":{"rendered":"<p><strong>PRAGA - Dopo tre anni, i governi ceco e slovacco terranno marted\u00ec una riunione congiunta. Le consultazioni intergovernative, che in passato sono state un simbolo delle relazioni al di sopra degli standard tra i due Paesi, si sono tenute per l'ultima volta nel marzo 2023, per poi essere sospese dall'allora governo guidato dal primo ministro Petr Fiala a causa di divergenze in politica estera. L'incontro tra i ministri dei due gabinetti si terr\u00e0 presso il castello di Nov\u00e1 Horka, nella regione di Novoji\u010d\u00edn. Secondo il programma ufficiale, l'incontro inizier\u00e0 alle 11:30 e sar\u00e0 seguito da una conferenza stampa prevista per le 14:00. Si prevede che i temi principali non saranno solo le questioni di politica estera, ma anche la cooperazione economica, l'energia e le infrastrutture di trasporto. <\/strong><\/p>\n\n\n\n<p>La ripresa delle consultazioni congiunte \u00e8 considerata un passo importante per calmare le relazioni tra i due Paesi. Negli ultimi anni queste sono state segnate da divergenze di vedute su importanti questioni internazionali, tra cui l'approccio alla guerra in Ucraina e alcune decisioni dell'Unione Europea. Tuttavia, gli analisti politici sottolineano che, nonostante queste differenze, le relazioni tra Praga e Bratislava rimangono stabili e storicamente molto vicine. Esiste una lunga tradizione di negoziati congiunti tra i governi che risale al periodo successivo alla divisione della Cecoslovacchia nel 1993. Gli incontri regolari avevano lo scopo di coordinare i progressi di entrambi i Paesi in una serie di settori e di rafforzare la cooperazione reciproca. <\/p>\n\n\n\n<blockquote class=\"wp-block-quote is-layout-flow wp-block-quote-is-layout-flow\">\n<p><strong>La loro interruzione nel 2024 ha quindi attirato l'attenzione non solo degli ambienti politici ma anche dell'opinione pubblica.<br>Gli analisti concordano sul fatto che la ripresa del dialogo pu\u00f2 contribuire a migliorare la comunicazione e a trovare posizioni comuni all'interno dell'Unione Europea e di altre strutture internazionali. Allo stesso tempo, per\u00f2, sottolineano che le differenze nelle priorit\u00e0 politiche dei due governi non sono completamente scomparse e continueranno a essere oggetto di negoziati. L'incontro di marted\u00ec non sar\u00e0 quindi solo un ritorno simbolico a una forma tradizionale di cooperazione, ma anche un test della capacit\u00e0 dei due governi di trovare un compromesso su questioni che li hanno divisi negli ultimi anni. I risultati dei negoziati e gli accordi concreti dovrebbero essere presentati al pubblico in una conferenza stampa nel pomeriggio.<\/strong><\/p>\n<\/blockquote>\n\n\n\n<p><strong>gnews.cz - GH<\/strong><\/p>","protected":false},"excerpt":{"rendered":"<p>PRAGA - Dopo tre anni, i governi ceco e slovacco terranno una riunione congiunta marted\u00ec. Le consultazioni intergovernative, che in passato erano...<\/p>","protected":false},"author":10,"featured_media":42973,"comment_status":"open","ping_status":"closed","sticky":false,"template":"","format":"standard","meta":{"_acf_changed":false,"_lmt_disableupdate":"","_lmt_disable":"","footnotes":""},"categories":[2968,3,7,1,580,2973],"tags":[5754,45,5372,11922,1523,4094,11923,11924,9185,10,11921,419,9261,6934,32,714,2438,17,29,92,41,4383],"class_list":["post-42971","post","type-post","status-publish","format-standard","has-post-thumbnail","hentry","category-domaci","category-neprehlednete","category-politika","category-tema","category-vyber-sefredaktora","category-zahranicni","tag-andrej-babis","tag-cr","tag-cesko","tag-cesko-slovenske-vztahy","tag-diplomacie","tag-evropska-unie","tag-evropske-unie","tag-mezinarodni-otazky","tag-mezivladni-konzultace","tag-news","tag-nova-horka","tag-petr-fiala","tag-robrt-fico","tag-slovenska-republika","tag-slovensko","tag-spoluprace","tag-tiskova-konference","tag-top","tag-ukrajina","tag-vlada","tag-world","tag-zahranicni-politika"],"acf":[],"aioseo_notices":[],"_links":{"self":[{"href":"https:\/\/gnews.cz\/it\/wp-json\/wp\/v2\/posts\/42971","targetHints":{"allow":["GET"]}}],"collection":[{"href":"https:\/\/gnews.cz\/it\/wp-json\/wp\/v2\/posts"}],"about":[{"href":"https:\/\/gnews.cz\/it\/wp-json\/wp\/v2\/types\/post"}],"author":[{"embeddable":true,"href":"https:\/\/gnews.cz\/it\/wp-json\/wp\/v2\/users\/10"}],"replies":[{"embeddable":true,"href":"https:\/\/gnews.cz\/it\/wp-json\/wp\/v2\/comments?post=42971"}],"version-history":[{"count":1,"href":"https:\/\/gnews.cz\/it\/wp-json\/wp\/v2\/posts\/42971\/revisions"}],"predecessor-version":[{"id":42972,"href":"https:\/\/gnews.cz\/it\/wp-json\/wp\/v2\/posts\/42971\/revisions\/42972"}],"wp:featuredmedia":[{"embeddable":true,"href":"https:\/\/gnews.cz\/it\/wp-json\/wp\/v2\/media\/42973"}],"wp:attachment":[{"href":"https:\/\/gnews.cz\/it\/wp-json\/wp\/v2\/media?parent=42971"}],"wp:term":[{"taxonomy":"category","embeddable":true,"href":"https:\/\/gnews.cz\/it\/wp-json\/wp\/v2\/categories?post=42971"},{"taxonomy":"post_tag","embeddable":true,"href":"https:\/\/gnews.cz\/it\/wp-json\/wp\/v2\/tags?post=42971"}],"curies":[{"name":"wp","href":"https:\/\/api.w.org\/{rel}","templated":true}]}}