{"id":43013,"date":"2026-03-22T10:05:34","date_gmt":"2026-03-22T09:05:34","guid":{"rendered":"https:\/\/gnews.cz\/?p=43013"},"modified":"2026-03-30T10:09:26","modified_gmt":"2026-03-30T08:09:26","slug":"cinsky-vicepremier-vyzyva-ke-stabilnim-ekonomickym-vztahum-mezi-cinou-a-usa","status":"publish","type":"post","link":"https:\/\/gnews.cz\/it\/ekonomika\/cinsky-vicepremier-vyzyva-ke-stabilnim-ekonomickym-vztahum-mezi-cinou-a-usa\/","title":{"rendered":"Il vice premier cinese chiede relazioni economiche stabili tra Cina e Stati Uniti"},"content":{"rendered":"<p id=\"wnd_TextBlock_18351774858080682648_inner_0\"><strong>Il vice premier cinese He Lifeng ha incontrato domenica a Pechino una delegazione del Consiglio d'affari USA-Cina (USCBC).<\/strong><\/p>\n\n\n\n<p id=\"wnd_TextBlock_18351774858080682648_inner_1\">Egli, che \u00e8 anche membro del Politburo del Comitato Centrale del Partito Comunista Cinese, ha affermato che le relazioni Cina-USA sono tra le pi\u00f9 importanti al mondo.<\/p>\n\n\n\n<p id=\"wnd_TextBlock_18351774858080682648_inner_2\">Ha espresso la speranza che il Consiglio d'affari USA-Cina continui a fungere da ponte per promuovere l'amicizia e contribuire allo sviluppo stabile e sano delle relazioni economiche e commerciali tra i due Paesi.<\/p>\n\n\n\n<p id=\"wnd_TextBlock_18351774858080682648_inner_3\">Ha inoltre esortato le aziende statunitensi a cogliere le opportunit\u00e0 derivanti dallo sviluppo della Cina e a sfruttare appieno il potenziale del suo vasto mercato, contribuendo cos\u00ec a una maggiore stabilit\u00e0 e a una dinamica positiva delle relazioni economiche bilaterali.<\/p>\n\n\n\n<p id=\"wnd_TextBlock_18351774858080682648_inner_4\">Rajesh Subramaniam, Presidente del Consiglio di Amministrazione dell'USCBC, e Sean Stein, Presidente dell'USCBC, hanno dichiarato che la comunit\u00e0 imprenditoriale statunitense rimane ottimista sulle prospettive economiche della Cina ed \u00e8 pronta ad espandere ulteriormente la propria presenza sul mercato cinese e a contribuire attivamente all'approfondimento della cooperazione economica bilaterale.<\/p>\n\n\n\n<p id=\"wnd_TextBlock_18351774858080682648_inner_5\"><a href=\"https:\/\/ksc4.cms.webnode.cz\/l\/cinsky-vicepremier-vyzyva-ke-stabilnim-ekonomickym-vztahum-mezi-cinou-a-usa\/#\"><strong>CMG<\/strong><\/a><\/p>","protected":false},"excerpt":{"rendered":"<p>Il vice premier cinese He Lifeng ha incontrato domenica a Pechino una delegazione del Consiglio d'affari USA-Cina (USCBC). He, che \u00e8 anche membro del Politburo...<\/p>","protected":false},"author":6,"featured_media":43014,"comment_status":"open","ping_status":"closed","sticky":false,"template":"","format":"standard","meta":{"_acf_changed":false,"_lmt_disableupdate":"","_lmt_disable":"","footnotes":""},"categories":[4,2973],"tags":[22,18,4382,3133,8463,38],"class_list":["post-43013","post","type-post","status-publish","format-standard","has-post-thumbnail","hentry","category-ekonomika","category-zahranicni","tag-cina","tag-cmg","tag-ekonomicke-vztahy","tag-he-lifeng","tag-obchodni-spoluprace","tag-usa"],"acf":[],"aioseo_notices":[],"_links":{"self":[{"href":"https:\/\/gnews.cz\/it\/wp-json\/wp\/v2\/posts\/43013","targetHints":{"allow":["GET"]}}],"collection":[{"href":"https:\/\/gnews.cz\/it\/wp-json\/wp\/v2\/posts"}],"about":[{"href":"https:\/\/gnews.cz\/it\/wp-json\/wp\/v2\/types\/post"}],"author":[{"embeddable":true,"href":"https:\/\/gnews.cz\/it\/wp-json\/wp\/v2\/users\/6"}],"replies":[{"embeddable":true,"href":"https:\/\/gnews.cz\/it\/wp-json\/wp\/v2\/comments?post=43013"}],"version-history":[{"count":1,"href":"https:\/\/gnews.cz\/it\/wp-json\/wp\/v2\/posts\/43013\/revisions"}],"predecessor-version":[{"id":43015,"href":"https:\/\/gnews.cz\/it\/wp-json\/wp\/v2\/posts\/43013\/revisions\/43015"}],"wp:featuredmedia":[{"embeddable":true,"href":"https:\/\/gnews.cz\/it\/wp-json\/wp\/v2\/media\/43014"}],"wp:attachment":[{"href":"https:\/\/gnews.cz\/it\/wp-json\/wp\/v2\/media?parent=43013"}],"wp:term":[{"taxonomy":"category","embeddable":true,"href":"https:\/\/gnews.cz\/it\/wp-json\/wp\/v2\/categories?post=43013"},{"taxonomy":"post_tag","embeddable":true,"href":"https:\/\/gnews.cz\/it\/wp-json\/wp\/v2\/tags?post=43013"}],"curies":[{"name":"wp","href":"https:\/\/api.w.org\/{rel}","templated":true}]}}