{"id":43062,"date":"2026-03-26T13:43:45","date_gmt":"2026-03-26T12:43:45","guid":{"rendered":"https:\/\/gnews.cz\/?p=43062"},"modified":"2026-03-30T13:54:38","modified_gmt":"2026-03-30T11:54:38","slug":"spoluprace-namisto-konfliktu-cinske-predsednictvi-apec-2026-klade-duraz-na-otevrenost-inovace-a-spolecne-vyzvy","status":"publish","type":"post","link":"https:\/\/gnews.cz\/it\/ekonomika\/spoluprace-namisto-konfliktu-cinske-predsednictvi-apec-2026-klade-duraz-na-otevrenost-inovace-a-spolecne-vyzvy\/","title":{"rendered":"Cooperazione anzich\u00e9 conflitto: la presidenza cinese dell'APEC 2026 pone l'accento su apertura, innovazione e sfide comuni"},"content":{"rendered":"<p id=\"wnd_TextBlock_48141774871159717207_inner_0\"><strong>Mentre l'Occidente, secondo alcuni osservatori, si affida sempre pi\u00f9 alla risoluzione delle controversie con la forza, la regione Asia-Pacifico, guidata dalla Cina, punta nella direzione opposta. Quest'anno l'APEC \u00e8 dedicata all'approfondimento della cooperazione economica, alla trasformazione digitale e alla condivisione dell'innovazione.<\/strong><\/p>\n\n\n\n<p id=\"wnd_TextBlock_48141774871159717207_inner_1\">Secondo <strong>Ivana Cinky<\/strong>, presidente del Comitato distrettuale del Partito comunista cecoslovacco di Bene\u0161ov, giornalista e pubblicista, il mondo si trova attualmente a un bivio. <em>\u201eMentre l'Occidente \u00e8 ora afflitto da gravi divisioni e ricorre sempre pi\u00f9 spesso alla forza per risolverle, in Oriente quest'anno \u00e8 segnato dalla cooperazione tra le nazioni\u201c.\u201c <\/em>ha detto Cinka, aggiungendo che i media cechi purtroppo trascurano questo fenomeno.<\/p>\n\n\n\n<p id=\"wnd_TextBlock_48141774871159717207_inner_2\">Un tema che merita maggiore attenzione, ha detto, \u00e8 il lavoro in corso all'interno della Comunit\u00e0 economica Asia-Pacifico (APEC). Il Paese ospitante per il 2026 \u00e8 la Cina, che ha gi\u00e0 svelato il motto della sua presidenza a Sh\u0113nzh\u014dch\u014dn nel dicembre 2025: <em>\u201eCostruire questa comunit\u00e0 per una prosperit\u00e0 condivisa\u201c.\u201c<\/em>\u00a0Secondo Cinca, tutti i 21 Stati membri hanno adottato questa visione.<\/p>\n\n\n\n<p id=\"wnd_TextBlock_48141774871159717207_inner_3\">Il programma di quest'anno \u00e8 ambizioso e non si limita a un solo vertice. <em>\u201eNon si tratta di un evento isolato\u201c.\u201c<\/em> Sottolinea lo zinco. Nel corso dell'anno sono previsti circa 300 incontri di lavoro, incentrati su tre pilastri principali:<\/p>\n\n\n\n<p id=\"wnd_TextBlock_48141774871159717207_inner_4\"><strong>Apertura<\/strong>Promuovere il libero scambio, eliminare le barriere e collegare i diversi accordi commerciali regionali.<\/p>\n\n\n\n<p id=\"wnd_TextBlock_48141774871159717207_inner_5\"><strong>L'innovazione<\/strong>R: L'attenzione \u00e8 rivolta all'intelligenza artificiale, alla trasformazione digitale, alle tecnologie verdi e alla condivisione di pratiche di innovazione.<\/p>\n\n\n\n<p id=\"wnd_TextBlock_48141774871159717207_inner_6\"><strong>Sfide globali<\/strong>Lavorare insieme per affrontare il cambiamento climatico, rafforzare le catene di approvvigionamento e garantire la stabilit\u00e0 finanziaria.<\/p>\n\n\n\n<p id=\"wnd_TextBlock_48141774871159717207_inner_7\">Secondo Cinka, questo quadro non \u00e8 solo una dichiarazione vuota. Gi\u00e0 nella prima met\u00e0 di febbraio si sono tenute oltre 60 riunioni di lavoro per avviare una discussione tra esperti su questi temi.<\/p>\n\n\n\n<p id=\"wnd_TextBlock_48141774871159717207_inner_8\">Il culmine dell'impegno di un anno sar\u00e0 il tradizionale vertice dei leader pi\u00f9 importanti. Il 18 e 19 novembre 2026 si terr\u00e0 a Shenzhen, in Cina, il 33\u00b0 incontro dei leader APEC.<\/p>\n\n\n\n<p id=\"wnd_TextBlock_48141774871159717207_inner_9\">Cinka conclude il suo saggio con un'osservazione che ritiene significativa: <em>\u201eIn tutto il grandioso programma non c'\u00e8 un solo accenno agli armamenti e ai preparativi per la guerra\u201c.\u201c<\/em> Ci\u00f2 dimostra chiaramente la differenza di priorit\u00e0 tra la regione Asia-Pacifico e l'attuale direzione di alcune potenze occidentali.<\/p>\n\n\n\n<p id=\"wnd_TextBlock_48141774871159717207_inner_10\"><a href=\"https:\/\/ksc4.cms.webnode.cz\/l\/spoluprace-namisto-konfliktu-cinske-predsednictvi-apec-2026-klade-duraz-na-otevrenost-inovace-a-spolecne-vyzvy\/#\"><strong>CMG<\/strong><\/a><\/p>","protected":false},"excerpt":{"rendered":"<p>Mentre l'Occidente, secondo alcuni osservatori, si affida sempre pi\u00f9 alla risoluzione delle controversie con la forza, la regione Asia-Pacifico, guidata dalla Cina, punta nella direzione opposta. Quest'anno...<\/p>","protected":false},"author":6,"featured_media":43064,"comment_status":"open","ping_status":"closed","sticky":false,"template":"","format":"video","meta":{"_acf_changed":false,"_lmt_disableupdate":"","_lmt_disable":"","footnotes":""},"categories":[4,550,2973],"tags":[231,11987,22,18,10483,714],"class_list":["post-43062","post","type-post","status-publish","format-video","has-post-thumbnail","hentry","category-ekonomika","category-videa","category-zahranicni","tag-apec","tag-asijsko-pacificky-region","tag-cina","tag-cmg","tag-ivan-cinka","tag-spoluprace","post_format-post-format-video"],"acf":[],"aioseo_notices":[],"_links":{"self":[{"href":"https:\/\/gnews.cz\/it\/wp-json\/wp\/v2\/posts\/43062","targetHints":{"allow":["GET"]}}],"collection":[{"href":"https:\/\/gnews.cz\/it\/wp-json\/wp\/v2\/posts"}],"about":[{"href":"https:\/\/gnews.cz\/it\/wp-json\/wp\/v2\/types\/post"}],"author":[{"embeddable":true,"href":"https:\/\/gnews.cz\/it\/wp-json\/wp\/v2\/users\/6"}],"replies":[{"embeddable":true,"href":"https:\/\/gnews.cz\/it\/wp-json\/wp\/v2\/comments?post=43062"}],"version-history":[{"count":1,"href":"https:\/\/gnews.cz\/it\/wp-json\/wp\/v2\/posts\/43062\/revisions"}],"predecessor-version":[{"id":43063,"href":"https:\/\/gnews.cz\/it\/wp-json\/wp\/v2\/posts\/43062\/revisions\/43063"}],"wp:featuredmedia":[{"embeddable":true,"href":"https:\/\/gnews.cz\/it\/wp-json\/wp\/v2\/media\/43064"}],"wp:attachment":[{"href":"https:\/\/gnews.cz\/it\/wp-json\/wp\/v2\/media?parent=43062"}],"wp:term":[{"taxonomy":"category","embeddable":true,"href":"https:\/\/gnews.cz\/it\/wp-json\/wp\/v2\/categories?post=43062"},{"taxonomy":"post_tag","embeddable":true,"href":"https:\/\/gnews.cz\/it\/wp-json\/wp\/v2\/tags?post=43062"}],"curies":[{"name":"wp","href":"https:\/\/api.w.org\/{rel}","templated":true}]}}