{"id":43498,"date":"2026-04-04T15:30:00","date_gmt":"2026-04-04T13:30:00","guid":{"rendered":"https:\/\/gnews.cz\/?p=43498"},"modified":"2026-04-24T16:19:55","modified_gmt":"2026-04-24T14:19:55","slug":"slovanska-epopej-alfonse-muchy-obraz-dvacaty-prvni-mistrovstvi-alfonse-muchy-a-jeho-celozivotni-tvorba","status":"publish","type":"post","link":"https:\/\/gnews.cz\/it\/tema\/slovanska-epopej-alfonse-muchy-obraz-dvacaty-prvni-mistrovstvi-alfonse-muchy-a-jeho-celozivotni-tvorba\/","title":{"rendered":"L'epopea slava di Alfons Mucha - La pittura dell'autore: la maestria di Alfons Mucha e la sua opera di vita"},"content":{"rendered":"<p><strong>Immagine dell'autore. Alfons Mucha \u00e8 una delle personalit\u00e0 pi\u00f9 importanti dell'arte europea a cavallo tra il XIX e il XX secolo. Non fu solo un pittore fenomenale e un fenomenale maestro figurativo di composizione decorativa, ma soprattutto un visionario che riusc\u00ec a combinare l'estetica dell'Art Nouveau con una profonda idea spirituale e nazionale, soprattutto nello slavismo della nazione ceca. La sua opera va oltre l'ambito della normale arte visiva: diventa un manifesto letterale dell'identit\u00e0 culturale nazionale e, come gi\u00e0 detto, soprattutto del mondo slavo.<\/strong><\/p>\n\n\n\n<blockquote class=\"wp-block-quote is-layout-flow wp-block-quote-is-layout-flow\">\n<p><strong>Mucha si rec\u00f2 in Francia per studiare e si stabil\u00ec a Parigi, allora centro dell'attivit\u00e0 artistica. \u00c8 qui che nasce il suo stile inconfondibile fatto di una sorta di linea ornamentale nella sottigliezza del colore, della bellezza idealizzata della figura femminile e di un profondo senso dei motivi simbolici. La svolta della sua carriera avviene nel 1894, quando crea un manifesto per la famosa attrice Sarah Bernhardt. Questo manifesto per l'opera teatrale \u201eGismonda\u201c fece letteralmente scalpore e in breve tempo catapult\u00f2 Mucha nella schiera degli artisti pi\u00f9 richiesti del suo tempo, allora soprattutto all'estero. Seguirono una serie di altri manifesti, disegni pubblicitari e pannelli decorativi che definirono un linguaggio visivo principalmente in stile Art Nouveau. Nonostante il grande successo ottenuto a Parigi, le sue ambizioni artistiche andavano oltre il semplice lavoro commerciale. Mucha sentiva una profonda missione: voleva servire la sua nazione e la pi\u00f9 ampia comunit\u00e0 slava con la sua arte. <\/strong><\/p>\n<\/blockquote>\n\n\n\n<figure class=\"wp-block-gallery has-nested-images columns-default is-cropped wp-block-gallery-1 is-layout-flex wp-block-gallery-is-layout-flex\">\n<figure class=\"wp-block-image size-large\"><img fetchpriority=\"high\" decoding=\"async\" width=\"1024\" height=\"676\" data-id=\"43503\" src=\"https:\/\/gnews.cz\/wp-content\/uploads\/2026\/04\/Screenshot_20260404_120854-1024x676.webp\" alt=\"\" class=\"wp-image-43503\" srcset=\"https:\/\/gnews.cz\/wp-content\/uploads\/2026\/04\/Screenshot_20260404_120854-1024x676.webp 1024w, https:\/\/gnews.cz\/wp-content\/uploads\/2026\/04\/Screenshot_20260404_120854-300x198.webp 300w, https:\/\/gnews.cz\/wp-content\/uploads\/2026\/04\/Screenshot_20260404_120854-768x507.webp 768w, https:\/\/gnews.cz\/wp-content\/uploads\/2026\/04\/Screenshot_20260404_120854-18x12.webp 18w, https:\/\/gnews.cz\/wp-content\/uploads\/2026\/04\/Screenshot_20260404_120854-1170x772.webp 1170w, https:\/\/gnews.cz\/wp-content\/uploads\/2026\/04\/Screenshot_20260404_120854-780x516.webp 780w, https:\/\/gnews.cz\/wp-content\/uploads\/2026\/04\/Screenshot_20260404_120854-585x386.webp 585w, https:\/\/gnews.cz\/wp-content\/uploads\/2026\/04\/Screenshot_20260404_120854-263x175.webp 263w, https:\/\/gnews.cz\/wp-content\/uploads\/2026\/04\/Screenshot_20260404_120854.webp 1364w\" sizes=\"(max-width: 1024px) 100vw, 1024px\" \/><\/figure>\n\n\n\n<figure class=\"wp-block-image size-large\"><img decoding=\"async\" width=\"1024\" height=\"670\" data-id=\"43504\" src=\"https:\/\/gnews.cz\/wp-content\/uploads\/2026\/04\/Screenshot_20260404_120818-1024x670.webp\" alt=\"\" class=\"wp-image-43504\" srcset=\"https:\/\/gnews.cz\/wp-content\/uploads\/2026\/04\/Screenshot_20260404_120818-1024x670.webp 1024w, https:\/\/gnews.cz\/wp-content\/uploads\/2026\/04\/Screenshot_20260404_120818-300x196.webp 300w, https:\/\/gnews.cz\/wp-content\/uploads\/2026\/04\/Screenshot_20260404_120818-768x502.webp 768w, https:\/\/gnews.cz\/wp-content\/uploads\/2026\/04\/Screenshot_20260404_120818-18x12.webp 18w, https:\/\/gnews.cz\/wp-content\/uploads\/2026\/04\/Screenshot_20260404_120818-1170x765.webp 1170w, https:\/\/gnews.cz\/wp-content\/uploads\/2026\/04\/Screenshot_20260404_120818-585x383.webp 585w, https:\/\/gnews.cz\/wp-content\/uploads\/2026\/04\/Screenshot_20260404_120818.webp 1376w\" sizes=\"(max-width: 1024px) 100vw, 1024px\" \/><\/figure>\n\n\n\n<figure class=\"wp-block-image size-large\"><img decoding=\"async\" width=\"1024\" height=\"834\" data-id=\"43505\" src=\"https:\/\/gnews.cz\/wp-content\/uploads\/2026\/04\/Screenshot_20260404_121154-1024x834.webp\" alt=\"\" class=\"wp-image-43505\" srcset=\"https:\/\/gnews.cz\/wp-content\/uploads\/2026\/04\/Screenshot_20260404_121154-1024x834.webp 1024w, https:\/\/gnews.cz\/wp-content\/uploads\/2026\/04\/Screenshot_20260404_121154-300x244.webp 300w, https:\/\/gnews.cz\/wp-content\/uploads\/2026\/04\/Screenshot_20260404_121154-768x626.webp 768w, https:\/\/gnews.cz\/wp-content\/uploads\/2026\/04\/Screenshot_20260404_121154-15x12.webp 15w, https:\/\/gnews.cz\/wp-content\/uploads\/2026\/04\/Screenshot_20260404_121154-585x476.webp 585w, https:\/\/gnews.cz\/wp-content\/uploads\/2026\/04\/Screenshot_20260404_121154.webp 1105w\" sizes=\"(max-width: 1024px) 100vw, 1024px\" \/><\/figure>\n<\/figure>\n\n\n\n<p>Dopo il ritorno in patria, inizi\u00f2 a dedicarsi a progetti monumentali volti a celebrare la storia nazionale e l'eredit\u00e0 spirituale degli Slavi. L'opera culminante della sua vita \u00e8 senza dubbio l'Epopea slava, un ciclo di venti tele di grande formato a cui lavor\u00f2 per quasi due decenni. Questo progetto monumentale, che vi abbiamo presentato su <strong>gnews.cz<\/strong> cattura i momenti chiave della storia slava, dalle origini mitiche agli scontri religiosi e culturali, fino all'idea di unit\u00e0 e di ascesa spirituale. Mucha non appare qui solo come pittore, ma anche come filosofo e storico, che attraverso i suoi dipinti forma la propria visione del significato della nostra storia ceca. L'epopea non \u00e8 solo un resoconto storico, ma anche una profonda riflessione sull'identit\u00e0, la sofferenza e la speranza dei popoli slavi.<\/p>\n\n\n\n<blockquote class=\"wp-block-quote is-layout-flow wp-block-quote-is-layout-flow\">\n<p><strong>Oltre a questo ciclo, Mucha contribu\u00ec in modo significativo alla decorazione della Casa Municipale di Praga, dove realizz\u00f2 dei murales nella Sala del Sindaco. Queste opere sono tra i punti salienti dell'Art Nouveau ceca e mostrano la sua maestria nel lavorare con lo spazio e il simbolismo. Tuttavia, il suo lavoro comprendeva anche disegni per banconote, francobolli, gioielli e manifesti pubblicitari, influenzando non solo le belle arti ma anche la cultura visiva quotidiana. Tra le sue serie e opere pi\u00f9 note, oltre ai manifesti per Sarah Bernhardt, vi sono anche pannelli decorativi (\u201eLe quattro stagioni\u201c, \u201eLe quattro arti\u201c), manifesti pubblicitari (ad esempio per le sigarette Job, Mo\u00ebt &amp; Chandon), nonch\u00e9 disegni per francobolli e banconote della neonata Cecoslovacchia, e infine la magnifica opera senza tempo Epopea slava.<\/strong><\/p>\n<\/blockquote>\n\n\n\n<figure class=\"wp-block-gallery has-nested-images columns-default is-cropped wp-block-gallery-2 is-layout-flex wp-block-gallery-is-layout-flex\">\n<figure class=\"wp-block-image size-large\"><img loading=\"lazy\" decoding=\"async\" width=\"1024\" height=\"870\" data-id=\"43508\" src=\"https:\/\/gnews.cz\/wp-content\/uploads\/2026\/04\/Screenshot_20260404_121459-1024x870.webp\" alt=\"\" class=\"wp-image-43508\" srcset=\"https:\/\/gnews.cz\/wp-content\/uploads\/2026\/04\/Screenshot_20260404_121459-1024x870.webp 1024w, https:\/\/gnews.cz\/wp-content\/uploads\/2026\/04\/Screenshot_20260404_121459-300x255.webp 300w, https:\/\/gnews.cz\/wp-content\/uploads\/2026\/04\/Screenshot_20260404_121459-768x653.webp 768w, https:\/\/gnews.cz\/wp-content\/uploads\/2026\/04\/Screenshot_20260404_121459-14x12.webp 14w, https:\/\/gnews.cz\/wp-content\/uploads\/2026\/04\/Screenshot_20260404_121459-585x497.webp 585w, https:\/\/gnews.cz\/wp-content\/uploads\/2026\/04\/Screenshot_20260404_121459.webp 1059w\" sizes=\"(max-width: 1024px) 100vw, 1024px\" \/><\/figure>\n\n\n\n<figure class=\"wp-block-image size-large\"><img loading=\"lazy\" decoding=\"async\" width=\"1024\" height=\"682\" data-id=\"43506\" src=\"https:\/\/gnews.cz\/wp-content\/uploads\/2026\/04\/6528796d-d468-4f22-8724-039496acc818-1024x682.webp\" alt=\"\" class=\"wp-image-43506\" srcset=\"https:\/\/gnews.cz\/wp-content\/uploads\/2026\/04\/6528796d-d468-4f22-8724-039496acc818-1024x682.webp 1024w, https:\/\/gnews.cz\/wp-content\/uploads\/2026\/04\/6528796d-d468-4f22-8724-039496acc818-300x200.webp 300w, https:\/\/gnews.cz\/wp-content\/uploads\/2026\/04\/6528796d-d468-4f22-8724-039496acc818-768x512.webp 768w, https:\/\/gnews.cz\/wp-content\/uploads\/2026\/04\/6528796d-d468-4f22-8724-039496acc818-1536x1024.webp 1536w, https:\/\/gnews.cz\/wp-content\/uploads\/2026\/04\/6528796d-d468-4f22-8724-039496acc818-18x12.webp 18w, https:\/\/gnews.cz\/wp-content\/uploads\/2026\/04\/6528796d-d468-4f22-8724-039496acc818-1920x1280.webp 1920w, https:\/\/gnews.cz\/wp-content\/uploads\/2026\/04\/6528796d-d468-4f22-8724-039496acc818-1170x780.webp 1170w, https:\/\/gnews.cz\/wp-content\/uploads\/2026\/04\/6528796d-d468-4f22-8724-039496acc818-585x390.webp 585w, https:\/\/gnews.cz\/wp-content\/uploads\/2026\/04\/6528796d-d468-4f22-8724-039496acc818-263x175.webp 263w, https:\/\/gnews.cz\/wp-content\/uploads\/2026\/04\/6528796d-d468-4f22-8724-039496acc818.webp 2000w\" sizes=\"(max-width: 1024px) 100vw, 1024px\" \/><\/figure>\n\n\n\n<figure class=\"wp-block-image size-large\"><img loading=\"lazy\" decoding=\"async\" width=\"1024\" height=\"769\" data-id=\"43507\" src=\"https:\/\/gnews.cz\/wp-content\/uploads\/2026\/04\/313f1cd3-6adf-4f96-8180-c84fd88a4aed-1024x769.webp\" alt=\"\" class=\"wp-image-43507\" srcset=\"https:\/\/gnews.cz\/wp-content\/uploads\/2026\/04\/313f1cd3-6adf-4f96-8180-c84fd88a4aed-1024x769.webp 1024w, https:\/\/gnews.cz\/wp-content\/uploads\/2026\/04\/313f1cd3-6adf-4f96-8180-c84fd88a4aed-300x225.webp 300w, https:\/\/gnews.cz\/wp-content\/uploads\/2026\/04\/313f1cd3-6adf-4f96-8180-c84fd88a4aed-768x577.webp 768w, https:\/\/gnews.cz\/wp-content\/uploads\/2026\/04\/313f1cd3-6adf-4f96-8180-c84fd88a4aed-1536x1153.webp 1536w, https:\/\/gnews.cz\/wp-content\/uploads\/2026\/04\/313f1cd3-6adf-4f96-8180-c84fd88a4aed-16x12.webp 16w, https:\/\/gnews.cz\/wp-content\/uploads\/2026\/04\/313f1cd3-6adf-4f96-8180-c84fd88a4aed-1920x1441.webp 1920w, https:\/\/gnews.cz\/wp-content\/uploads\/2026\/04\/313f1cd3-6adf-4f96-8180-c84fd88a4aed-1170x878.webp 1170w, https:\/\/gnews.cz\/wp-content\/uploads\/2026\/04\/313f1cd3-6adf-4f96-8180-c84fd88a4aed-585x439.webp 585w, https:\/\/gnews.cz\/wp-content\/uploads\/2026\/04\/313f1cd3-6adf-4f96-8180-c84fd88a4aed.webp 1998w\" sizes=\"(max-width: 1024px) 100vw, 1024px\" \/><\/figure>\n<\/figure>\n\n\n\n<p>Mucha non fu solo un pittore, un artista della decorazione applicata, ma soprattutto un patriota profondamente convinto. La promozione dello slavismo fu per lui un tema costante, che si rifletteva nel suo lavoro e anche nelle sue attivit\u00e0 pubbliche. Credeva fermamente nella forza spirituale e nell'importanza culturale dei popoli slavi, che riteneva avrebbero svolto un ruolo vitale nel futuro dell'Europa. Tuttavia, la sua vita fu anche segnata da eventi oscuri. Dopo l'occupazione della Cecoslovacchia da parte della Germania nazista, Mucha divenne uno dei primi bersagli della repressione. Fu arrestato e interrogato dalla Gestapo, il che ebbe un impatto fatale sulla sua salute. Poco dopo questi eventi, nel 1939, mor\u00ec. Il motivo \u00e8 abbastanza ovvio. Quello che era destinato a fare nella sua vita. La sua morte conclude simbolicamente la storia di un maestro, di un artista e di un uomo che ha dedicato la sua vita allo slavismo e agli ideali di libert\u00e0, cultura e identit\u00e0 nazionale. Alfons Mucha rimane ancora oggi un simbolo di genio artistico e di profondit\u00e0 spirituale. La sua opera non \u00e8 solo un'esperienza estetica, ma anche un invito a riflettere sulla storia, sull'identit\u00e0 e sul significato dell'impegno umano.<\/p>\n\n\n\n<p><strong>Jan Vojt\u011bch, caporedattore, Notizie generali<\/strong><\/p>\n\n\n\n<figure class=\"wp-block-gallery has-nested-images columns-default is-cropped wp-block-gallery-3 is-layout-flex wp-block-gallery-is-layout-flex\">\n<figure class=\"wp-block-image size-large\"><img loading=\"lazy\" decoding=\"async\" width=\"1024\" height=\"440\" data-id=\"43509\" src=\"https:\/\/gnews.cz\/wp-content\/uploads\/2026\/04\/Screenshot_20260404_121408-1024x440.webp\" alt=\"\" class=\"wp-image-43509\" srcset=\"https:\/\/gnews.cz\/wp-content\/uploads\/2026\/04\/Screenshot_20260404_121408-1024x440.webp 1024w, https:\/\/gnews.cz\/wp-content\/uploads\/2026\/04\/Screenshot_20260404_121408-300x129.webp 300w, https:\/\/gnews.cz\/wp-content\/uploads\/2026\/04\/Screenshot_20260404_121408-768x330.webp 768w, https:\/\/gnews.cz\/wp-content\/uploads\/2026\/04\/Screenshot_20260404_121408-18x8.webp 18w, https:\/\/gnews.cz\/wp-content\/uploads\/2026\/04\/Screenshot_20260404_121408-1170x502.webp 1170w, https:\/\/gnews.cz\/wp-content\/uploads\/2026\/04\/Screenshot_20260404_121408-585x251.webp 585w, https:\/\/gnews.cz\/wp-content\/uploads\/2026\/04\/Screenshot_20260404_121408.webp 1500w\" sizes=\"(max-width: 1024px) 100vw, 1024px\" \/><\/figure>\n<\/figure>\n\n\n\n<figure class=\"wp-block-image size-large\"><img loading=\"lazy\" decoding=\"async\" width=\"1024\" height=\"763\" src=\"https:\/\/gnews.cz\/wp-content\/uploads\/2026\/04\/GN_311g-1024x763.webp\" alt=\"\" class=\"wp-image-43510\" srcset=\"https:\/\/gnews.cz\/wp-content\/uploads\/2026\/04\/GN_311g-1024x763.webp 1024w, https:\/\/gnews.cz\/wp-content\/uploads\/2026\/04\/GN_311g-300x224.webp 300w, https:\/\/gnews.cz\/wp-content\/uploads\/2026\/04\/GN_311g-768x572.webp 768w, https:\/\/gnews.cz\/wp-content\/uploads\/2026\/04\/GN_311g-16x12.webp 16w, https:\/\/gnews.cz\/wp-content\/uploads\/2026\/04\/GN_311g-1170x872.webp 1170w, https:\/\/gnews.cz\/wp-content\/uploads\/2026\/04\/GN_311g-585x436.webp 585w, https:\/\/gnews.cz\/wp-content\/uploads\/2026\/04\/GN_311g.webp 1208w\" sizes=\"(max-width: 1024px) 100vw, 1024px\" \/><\/figure>\n\n\n\n<figure class=\"wp-block-gallery has-nested-images columns-default is-cropped wp-block-gallery-4 is-layout-flex wp-block-gallery-is-layout-flex\">\n<figure class=\"wp-block-image size-large\"><img loading=\"lazy\" decoding=\"async\" width=\"596\" height=\"900\" data-id=\"43511\" src=\"https:\/\/gnews.cz\/wp-content\/uploads\/2026\/04\/Screenshot_20260404_121034.webp\" alt=\"\" class=\"wp-image-43511\" srcset=\"https:\/\/gnews.cz\/wp-content\/uploads\/2026\/04\/Screenshot_20260404_121034.webp 596w, https:\/\/gnews.cz\/wp-content\/uploads\/2026\/04\/Screenshot_20260404_121034-199x300.webp 199w, https:\/\/gnews.cz\/wp-content\/uploads\/2026\/04\/Screenshot_20260404_121034-8x12.webp 8w, https:\/\/gnews.cz\/wp-content\/uploads\/2026\/04\/Screenshot_20260404_121034-585x883.webp 585w\" sizes=\"(max-width: 596px) 100vw, 596px\" \/><\/figure>\n\n\n\n<figure class=\"wp-block-image size-large\"><img loading=\"lazy\" decoding=\"async\" width=\"1024\" height=\"642\" data-id=\"43513\" src=\"https:\/\/gnews.cz\/wp-content\/uploads\/2026\/04\/Screenshot_20260404_120948-1024x642.webp\" alt=\"\" class=\"wp-image-43513\" srcset=\"https:\/\/gnews.cz\/wp-content\/uploads\/2026\/04\/Screenshot_20260404_120948-1024x642.webp 1024w, https:\/\/gnews.cz\/wp-content\/uploads\/2026\/04\/Screenshot_20260404_120948-300x188.webp 300w, https:\/\/gnews.cz\/wp-content\/uploads\/2026\/04\/Screenshot_20260404_120948-768x481.webp 768w, https:\/\/gnews.cz\/wp-content\/uploads\/2026\/04\/Screenshot_20260404_120948-18x12.webp 18w, https:\/\/gnews.cz\/wp-content\/uploads\/2026\/04\/Screenshot_20260404_120948-1170x733.webp 1170w, https:\/\/gnews.cz\/wp-content\/uploads\/2026\/04\/Screenshot_20260404_120948-585x367.webp 585w, https:\/\/gnews.cz\/wp-content\/uploads\/2026\/04\/Screenshot_20260404_120948.webp 1436w\" sizes=\"(max-width: 1024px) 100vw, 1024px\" \/><\/figure>\n\n\n\n<figure class=\"wp-block-image size-large\"><img loading=\"lazy\" decoding=\"async\" width=\"599\" height=\"900\" data-id=\"43512\" src=\"https:\/\/gnews.cz\/wp-content\/uploads\/2026\/04\/Screenshot_20260404_120923.webp\" alt=\"\" class=\"wp-image-43512\" srcset=\"https:\/\/gnews.cz\/wp-content\/uploads\/2026\/04\/Screenshot_20260404_120923.webp 599w, https:\/\/gnews.cz\/wp-content\/uploads\/2026\/04\/Screenshot_20260404_120923-200x300.webp 200w, https:\/\/gnews.cz\/wp-content\/uploads\/2026\/04\/Screenshot_20260404_120923-8x12.webp 8w, https:\/\/gnews.cz\/wp-content\/uploads\/2026\/04\/Screenshot_20260404_120923-585x879.webp 585w\" sizes=\"(max-width: 599px) 100vw, 599px\" \/><\/figure>\n<\/figure>\n\n\n\n<figure class=\"wp-block-gallery has-nested-images columns-default is-cropped wp-block-gallery-5 is-layout-flex wp-block-gallery-is-layout-flex\">\n<figure class=\"wp-block-image size-large\"><img loading=\"lazy\" decoding=\"async\" width=\"1024\" height=\"670\" data-id=\"43514\" src=\"https:\/\/gnews.cz\/wp-content\/uploads\/2026\/04\/Screenshot_20260404_120818-1024x670.webp\" alt=\"\" class=\"wp-image-43514\" srcset=\"https:\/\/gnews.cz\/wp-content\/uploads\/2026\/04\/Screenshot_20260404_120818-1024x670.webp 1024w, https:\/\/gnews.cz\/wp-content\/uploads\/2026\/04\/Screenshot_20260404_120818-300x196.webp 300w, https:\/\/gnews.cz\/wp-content\/uploads\/2026\/04\/Screenshot_20260404_120818-768x502.webp 768w, https:\/\/gnews.cz\/wp-content\/uploads\/2026\/04\/Screenshot_20260404_120818-18x12.webp 18w, https:\/\/gnews.cz\/wp-content\/uploads\/2026\/04\/Screenshot_20260404_120818-1170x765.webp 1170w, https:\/\/gnews.cz\/wp-content\/uploads\/2026\/04\/Screenshot_20260404_120818-585x383.webp 585w, https:\/\/gnews.cz\/wp-content\/uploads\/2026\/04\/Screenshot_20260404_120818.webp 1376w\" sizes=\"(max-width: 1024px) 100vw, 1024px\" \/><\/figure>\n<\/figure>\n\n\n\n<figure class=\"wp-block-gallery has-nested-images columns-default is-cropped wp-block-gallery-6 is-layout-flex wp-block-gallery-is-layout-flex\">\n<figure class=\"wp-block-image size-large\"><img loading=\"lazy\" decoding=\"async\" width=\"1024\" height=\"685\" data-id=\"43515\" src=\"https:\/\/gnews.cz\/wp-content\/uploads\/2026\/04\/Screenshot_20260404_121104-1024x685.webp\" alt=\"\" class=\"wp-image-43515\" srcset=\"https:\/\/gnews.cz\/wp-content\/uploads\/2026\/04\/Screenshot_20260404_121104-1024x685.webp 1024w, https:\/\/gnews.cz\/wp-content\/uploads\/2026\/04\/Screenshot_20260404_121104-300x201.webp 300w, https:\/\/gnews.cz\/wp-content\/uploads\/2026\/04\/Screenshot_20260404_121104-768x514.webp 768w, https:\/\/gnews.cz\/wp-content\/uploads\/2026\/04\/Screenshot_20260404_121104-18x12.webp 18w, https:\/\/gnews.cz\/wp-content\/uploads\/2026\/04\/Screenshot_20260404_121104-1170x782.webp 1170w, https:\/\/gnews.cz\/wp-content\/uploads\/2026\/04\/Screenshot_20260404_121104-585x391.webp 585w, https:\/\/gnews.cz\/wp-content\/uploads\/2026\/04\/Screenshot_20260404_121104-263x175.webp 263w, https:\/\/gnews.cz\/wp-content\/uploads\/2026\/04\/Screenshot_20260404_121104.webp 1346w\" sizes=\"(max-width: 1024px) 100vw, 1024px\" \/><\/figure>\n<\/figure>\n\n\n\n<figure class=\"wp-block-gallery has-nested-images columns-default is-cropped wp-block-gallery-7 is-layout-flex wp-block-gallery-is-layout-flex\">\n<figure class=\"wp-block-image size-large\"><img loading=\"lazy\" decoding=\"async\" width=\"1024\" height=\"665\" data-id=\"43517\" src=\"https:\/\/gnews.cz\/wp-content\/uploads\/2026\/04\/Screenshot_20260404_132303-1024x665.webp\" alt=\"\" class=\"wp-image-43517\" srcset=\"https:\/\/gnews.cz\/wp-content\/uploads\/2026\/04\/Screenshot_20260404_132303-1024x665.webp 1024w, https:\/\/gnews.cz\/wp-content\/uploads\/2026\/04\/Screenshot_20260404_132303-300x195.webp 300w, https:\/\/gnews.cz\/wp-content\/uploads\/2026\/04\/Screenshot_20260404_132303-768x499.webp 768w, https:\/\/gnews.cz\/wp-content\/uploads\/2026\/04\/Screenshot_20260404_132303-18x12.webp 18w, https:\/\/gnews.cz\/wp-content\/uploads\/2026\/04\/Screenshot_20260404_132303-1170x760.webp 1170w, https:\/\/gnews.cz\/wp-content\/uploads\/2026\/04\/Screenshot_20260404_132303-585x380.webp 585w, https:\/\/gnews.cz\/wp-content\/uploads\/2026\/04\/Screenshot_20260404_132303.webp 1385w\" sizes=\"(max-width: 1024px) 100vw, 1024px\" \/><\/figure>\n\n\n\n<figure class=\"wp-block-image size-large\"><img loading=\"lazy\" decoding=\"async\" width=\"1024\" height=\"707\" data-id=\"43516\" src=\"https:\/\/gnews.cz\/wp-content\/uploads\/2026\/04\/Screenshot_20260404_132344-1024x707.webp\" alt=\"\" class=\"wp-image-43516\" srcset=\"https:\/\/gnews.cz\/wp-content\/uploads\/2026\/04\/Screenshot_20260404_132344-1024x707.webp 1024w, https:\/\/gnews.cz\/wp-content\/uploads\/2026\/04\/Screenshot_20260404_132344-300x207.webp 300w, https:\/\/gnews.cz\/wp-content\/uploads\/2026\/04\/Screenshot_20260404_132344-768x530.webp 768w, https:\/\/gnews.cz\/wp-content\/uploads\/2026\/04\/Screenshot_20260404_132344-18x12.webp 18w, https:\/\/gnews.cz\/wp-content\/uploads\/2026\/04\/Screenshot_20260404_132344-1170x808.webp 1170w, https:\/\/gnews.cz\/wp-content\/uploads\/2026\/04\/Screenshot_20260404_132344-585x404.webp 585w, https:\/\/gnews.cz\/wp-content\/uploads\/2026\/04\/Screenshot_20260404_132344.webp 1273w\" sizes=\"(max-width: 1024px) 100vw, 1024px\" \/><\/figure>\n\n\n\n<figure class=\"wp-block-image size-large\"><img loading=\"lazy\" decoding=\"async\" width=\"1024\" height=\"693\" data-id=\"43518\" src=\"https:\/\/gnews.cz\/wp-content\/uploads\/2026\/04\/Screenshot_20260404_132144-1024x693.webp\" alt=\"\" class=\"wp-image-43518\" srcset=\"https:\/\/gnews.cz\/wp-content\/uploads\/2026\/04\/Screenshot_20260404_132144-1024x693.webp 1024w, https:\/\/gnews.cz\/wp-content\/uploads\/2026\/04\/Screenshot_20260404_132144-300x203.webp 300w, https:\/\/gnews.cz\/wp-content\/uploads\/2026\/04\/Screenshot_20260404_132144-768x520.webp 768w, https:\/\/gnews.cz\/wp-content\/uploads\/2026\/04\/Screenshot_20260404_132144-18x12.webp 18w, https:\/\/gnews.cz\/wp-content\/uploads\/2026\/04\/Screenshot_20260404_132144-1170x792.webp 1170w, https:\/\/gnews.cz\/wp-content\/uploads\/2026\/04\/Screenshot_20260404_132144-585x396.webp 585w, https:\/\/gnews.cz\/wp-content\/uploads\/2026\/04\/Screenshot_20260404_132144.webp 1329w\" sizes=\"(max-width: 1024px) 100vw, 1024px\" \/><\/figure>\n<\/figure>\n\n\n\n<figure class=\"wp-block-gallery has-nested-images columns-default is-cropped wp-block-gallery-8 is-layout-flex wp-block-gallery-is-layout-flex\">\n<figure class=\"wp-block-image size-large\"><img loading=\"lazy\" decoding=\"async\" width=\"1024\" height=\"744\" data-id=\"43519\" src=\"https:\/\/gnews.cz\/wp-content\/uploads\/2026\/04\/Screenshot_20260404_131856-1024x744.webp\" alt=\"\" class=\"wp-image-43519\" srcset=\"https:\/\/gnews.cz\/wp-content\/uploads\/2026\/04\/Screenshot_20260404_131856-1024x744.webp 1024w, https:\/\/gnews.cz\/wp-content\/uploads\/2026\/04\/Screenshot_20260404_131856-300x218.webp 300w, https:\/\/gnews.cz\/wp-content\/uploads\/2026\/04\/Screenshot_20260404_131856-768x558.webp 768w, https:\/\/gnews.cz\/wp-content\/uploads\/2026\/04\/Screenshot_20260404_131856-18x12.webp 18w, https:\/\/gnews.cz\/wp-content\/uploads\/2026\/04\/Screenshot_20260404_131856-1170x851.webp 1170w, https:\/\/gnews.cz\/wp-content\/uploads\/2026\/04\/Screenshot_20260404_131856-585x425.webp 585w, https:\/\/gnews.cz\/wp-content\/uploads\/2026\/04\/Screenshot_20260404_131856.webp 1238w\" sizes=\"(max-width: 1024px) 100vw, 1024px\" \/><\/figure>\n<\/figure>","protected":false},"excerpt":{"rendered":"<p>Immagine dell'autore. Alfons Mucha \u00e8 una delle personalit\u00e0 pi\u00f9 importanti dell'arte europea a cavallo tra il XIX e il XX secolo. Non fu solo un pittore fenomenale e un fenomenale figurativo...<\/p>","protected":false},"author":10,"featured_media":43500,"comment_status":"open","ping_status":"closed","sticky":false,"template":"","format":"standard","meta":{"_acf_changed":false,"_lmt_disableupdate":"","_lmt_disable":"","footnotes":""},"categories":[2968,6,3,1,3104,580,8,2973,5],"tags":[411,12270,10710,45,12275,12273,12272,12279,12276,74,12277,12274,12280,10,12278,12281,1483,12271,410,11134,11871,17,5689,1851,5644,12282,41],"class_list":["post-43498","post","type-post","status-publish","format-standard","has-post-thumbnail","hentry","category-domaci","category-kultura","category-neprehlednete","category-tema","category-veda","category-vyber-sefredaktora","category-zabava","category-zahranicni","category-zdravy-styl","tag-alfons-mucha","tag-art-nouveau","tag-ceska-historie","tag-cr","tag-ceske-umeni-19-stoleti","tag-cesky-malir","tag-dekorativni-umeni","tag-gestapo","tag-historie-slovanu","tag-kultura","tag-kulturni-identita","tag-muchova-tvorba","tag-nastenne-malby","tag-news","tag-obecni-dum-praha","tag-plakaty-secese","tag-sarah-bernhardt","tag-secese","tag-slovanska-epopej","tag-slovanska-kultura","tag-symbolismus","tag-top","tag-top2","tag-umeni","tag-vlastenectvi","tag-vytvarne-cykly","tag-world"],"acf":[],"aioseo_notices":[],"_links":{"self":[{"href":"https:\/\/gnews.cz\/it\/wp-json\/wp\/v2\/posts\/43498","targetHints":{"allow":["GET"]}}],"collection":[{"href":"https:\/\/gnews.cz\/it\/wp-json\/wp\/v2\/posts"}],"about":[{"href":"https:\/\/gnews.cz\/it\/wp-json\/wp\/v2\/types\/post"}],"author":[{"embeddable":true,"href":"https:\/\/gnews.cz\/it\/wp-json\/wp\/v2\/users\/10"}],"replies":[{"embeddable":true,"href":"https:\/\/gnews.cz\/it\/wp-json\/wp\/v2\/comments?post=43498"}],"version-history":[{"count":4,"href":"https:\/\/gnews.cz\/it\/wp-json\/wp\/v2\/posts\/43498\/revisions"}],"predecessor-version":[{"id":44538,"href":"https:\/\/gnews.cz\/it\/wp-json\/wp\/v2\/posts\/43498\/revisions\/44538"}],"wp:featuredmedia":[{"embeddable":true,"href":"https:\/\/gnews.cz\/it\/wp-json\/wp\/v2\/media\/43500"}],"wp:attachment":[{"href":"https:\/\/gnews.cz\/it\/wp-json\/wp\/v2\/media?parent=43498"}],"wp:term":[{"taxonomy":"category","embeddable":true,"href":"https:\/\/gnews.cz\/it\/wp-json\/wp\/v2\/categories?post=43498"},{"taxonomy":"post_tag","embeddable":true,"href":"https:\/\/gnews.cz\/it\/wp-json\/wp\/v2\/tags?post=43498"}],"curies":[{"name":"wp","href":"https:\/\/api.w.org\/{rel}","templated":true}]}}