{"id":43528,"date":"2026-04-05T09:00:00","date_gmt":"2026-04-05T07:00:00","guid":{"rendered":"https:\/\/gnews.cz\/?p=43528"},"modified":"2026-04-05T13:28:23","modified_gmt":"2026-04-05T11:28:23","slug":"ja-a-umeni-mesic-nad-vltavou-i-nad-zlutou-rekou","status":"publish","type":"post","link":"https:\/\/gnews.cz\/it\/tema\/ja-a-umeni-mesic-nad-vltavou-i-nad-zlutou-rekou\/","title":{"rendered":"Io e l'arte: la luna sulla Moldava e il fiume Giallo"},"content":{"rendered":"<p><strong>Quando stavo scegliendo il mio campo di studi, ero attratto dal ceco per una semplice ragione: sospettavo che dietro questa lingua ci fosse un mondo di arte e cultura profonda. Dvo\u0159\u00e1k, Smetana, Jan\u00e1\u010dek, Mahler - compositori la cui musica conoscevo prima di conoscere il loro Paese. La ascoltavo come flautista: ammiravo la costruzione delle frasi, le dinamiche, la tecnica. La musica sembrava grande e bella, ma distante, come un quadro dietro un vetro.<\/strong><\/p>\n\n\n\n<p>Poi arriv\u00f2 una notte di primavera. Ero seduto sull'autobus da Cracovia a Olomouc, stanco per il viaggio, e la luna galleggiava fuori dal finestrino. Ho messo le cuffie e ho ascoltato l'aria di Rusalka \u201ePiccola luna nel cielo profondo\u201c e il fiume Moldava. La melodia svettante mi ricordava le nuvole che oscurano la luna, i flussi di sedicesimi che scorrono come la sua luce sulla superficie del fiume. Nel mio diario ho scritto: \u201eLa stessa luna brilla ovunque nel mondo - ma solo ora ho capito che aspetto ha quella ceca\u201c. Ho provato una sensazione simile in mezzo alla natura. Conoscevo il paesaggio ceco dai film di Ji\u0159\u00ed Menzel, dalla poesia di Kytika, dalle pagine di Kundera. Nel Museo Nazionale di Praga ammiravo le esposizioni dedicate alla natura. Ma \u00e8 stato solo quando ho camminato con i miei amici sulle colline innevate vicino a \u0160umperk, a due passi dal confine polacco, che ho capito qualcosa che non si pu\u00f2 leggere. Il sole mi accecava, sono scivolato sul ghiaccio e ho riso. In quel momento mi \u00e8 stato chiaro perch\u00e9 i cechi hanno un legame cos\u00ec profondo con la natura e quella vivacit\u00e0 mi ha commosso.<\/p>\n\n\n\n<p>Ma l'arte mi ha portato anche a domande pi\u00f9 serie. Nel mio lavoro di ricerca, ho collegato la storia dell'arte con le relazioni internazionali: utilizzando il metodo iconografico, ho analizzato dodici scene sull'Orloj e le ho collegate ai nomi dei mesi cechi per mostrare come riflettono la rinascita nazionale del XIX secolo. Nella Piazza della Citt\u00e0 Vecchia ci sono cos\u00ec tanti turisti che le immagini sull'orologio sono poco visibili. Tuttavia, mentre aspettavo che la campana suonasse, ho provato un'emozione indescrivibile. Ero venuto in Boemia con un'immagine composta da libri, film e spartiti musicali. Me ne vado con qualcos'altro: una comprensione che solo l'esperienza diretta pu\u00f2 dare. E allo stesso tempo mi sono resa conto di una cosa personale: come donna cinese che si trova nel mezzo di una cultura straniera e la comprende, sto iniziando a capire meglio me stessa. So chi sono, da dove vengo e cosa voglio esplorare in futuro. Forse \u00e8 questo il dono pi\u00f9 grande che l'arte mi ha fatto: non \u00e8 solo bellezza, \u00e8 un modo per conoscere il mondo e me stessa.<\/p>\n\n\n\n<p><strong>NNela.Ni<\/strong><\/p>","protected":false},"excerpt":{"rendered":"<p>Quando stavo scegliendo il mio corso di laurea, ero attratto dal ceco per una semplice ragione: sospettavo che dietro questa lingua ci fosse un mondo di...<\/p>","protected":false},"author":10,"featured_media":43529,"comment_status":"open","ping_status":"closed","sticky":false,"template":"","format":"standard","meta":{"_acf_changed":false,"_lmt_disableupdate":"","_lmt_disable":"","footnotes":""},"categories":[2968,6,2,1,3104,580,8,2973,5],"tags":[12296,45,22,372,5420,4025,12297,281,12286,12289,12295,74,12293,12288,12290,12291,10,12312,5941,12294,12287,12292,17,12285,41,12284],"class_list":["post-43528","post","type-post","status-publish","format-standard","has-post-thumbnail","hentry","category-domaci","category-kultura","category-rozhovory","category-tema","category-veda","category-vyber-sefredaktora","category-zabava","category-zahranicni","category-zdravy-styl","tag-ceska-krajina-2","tag-cr","tag-cina","tag-dvorak","tag-general-news","tag-gnews-cz","tag-hladina-reky","tag-hudba","tag-janacek","tag-jiri-menzel","tag-krakov","tag-kultura","tag-kytice","tag-mahler","tag-milan-kundera","tag-nardni-muzeu-v-praze","tag-news","tag-nnela-ni","tag-olomouc","tag-rusalka","tag-smetana","tag-sumperk","tag-top","tag-vltava","tag-world","tag-zluta-reka-2"],"acf":[],"aioseo_notices":[],"_links":{"self":[{"href":"https:\/\/gnews.cz\/it\/wp-json\/wp\/v2\/posts\/43528","targetHints":{"allow":["GET"]}}],"collection":[{"href":"https:\/\/gnews.cz\/it\/wp-json\/wp\/v2\/posts"}],"about":[{"href":"https:\/\/gnews.cz\/it\/wp-json\/wp\/v2\/types\/post"}],"author":[{"embeddable":true,"href":"https:\/\/gnews.cz\/it\/wp-json\/wp\/v2\/users\/10"}],"replies":[{"embeddable":true,"href":"https:\/\/gnews.cz\/it\/wp-json\/wp\/v2\/comments?post=43528"}],"version-history":[{"count":3,"href":"https:\/\/gnews.cz\/it\/wp-json\/wp\/v2\/posts\/43528\/revisions"}],"predecessor-version":[{"id":43551,"href":"https:\/\/gnews.cz\/it\/wp-json\/wp\/v2\/posts\/43528\/revisions\/43551"}],"wp:featuredmedia":[{"embeddable":true,"href":"https:\/\/gnews.cz\/it\/wp-json\/wp\/v2\/media\/43529"}],"wp:attachment":[{"href":"https:\/\/gnews.cz\/it\/wp-json\/wp\/v2\/media?parent=43528"}],"wp:term":[{"taxonomy":"category","embeddable":true,"href":"https:\/\/gnews.cz\/it\/wp-json\/wp\/v2\/categories?post=43528"},{"taxonomy":"post_tag","embeddable":true,"href":"https:\/\/gnews.cz\/it\/wp-json\/wp\/v2\/tags?post=43528"}],"curies":[{"name":"wp","href":"https:\/\/api.w.org\/{rel}","templated":true}]}}