{"id":43547,"date":"2026-04-07T12:00:00","date_gmt":"2026-04-07T10:00:00","guid":{"rendered":"https:\/\/gnews.cz\/?p=43547"},"modified":"2026-04-07T10:36:20","modified_gmt":"2026-04-07T08:36:20","slug":"shrnuti-uplynuleho-14-tydne-na-general-news-30-brezna-5-dubna-2026","status":"publish","type":"post","link":"https:\/\/gnews.cz\/it\/tema\/shrnuti-uplynuleho-14-tydne-na-general-news-30-brezna-5-dubna-2026\/","title":{"rendered":"Riassunto delle ultime 14 settimane su General News (30 marzo - 5 aprile 2026)"},"content":{"rendered":"<h2 class=\"wp-block-heading\">30 marzo 2026 <a href=\"https:\/\/gnews.cz\/wp-admin\/post.php?post=43071&amp;action=edit\" target=\"_blank\" rel=\"noopener\" title=\"\">Stati Uniti e Israele stanno trascinando il mondo verso la Terza Guerra Mondiale, avverte Jeffrey Sachs<\/a><\/h2>\n\n\n\n<blockquote class=\"wp-block-quote is-layout-flow wp-block-quote-is-layout-flow\">\n<p>Il noto economista americano e professore della Columbia University Jeffrey Sachs ha lanciato un duro avvertimento: l'attacco USA-Israele all'Iran potrebbe degenerare in un conflitto globale di proporzioni senza precedenti. In un'intervista al portale giapponese Nikkei Asia, ha dichiarato che il mondo \u00e8 sull'orlo di una terza guerra mondiale.<\/p>\n<\/blockquote>\n\n\n\n<h2 class=\"wp-block-heading\">31 marzo 2026 <a href=\"https:\/\/gnews.cz\/wp-admin\/post.php?post=43155&amp;action=edit\" target=\"_blank\" rel=\"noopener\" title=\"\">L'incontro del governo ceco-slovacco conferma il rafforzamento del partenariato tra i due Paesi<\/a><\/h2>\n\n\n\n<blockquote class=\"wp-block-quote is-layout-flow wp-block-quote-is-layout-flow\">\n<p>La nona riunione congiunta dei governi della Repubblica Ceca e della Repubblica Slovacca si \u00e8 svolta marted\u00ec 31 marzo 2026 presso il Castello di Nov\u00e1 Horka a Stud\u00e9nka. I gabinetti, guidati dai primi ministri Andrej Babi\u0161 e Robert Fico, hanno discusso, tra l'altro, dell'attuale situazione dei prezzi dei carburanti e delle forniture di petrolio in seguito allo scoppio del conflitto in Medio Oriente. I Primi Ministri dei due Paesi hanno inoltre firmato un Memorandum sulla cooperazione rafforzata tra il Governo della Repubblica Ceca e il Governo della Repubblica Slovacca, che rafforza la loro partnership in settori chiave.<\/p>\n<\/blockquote>\n\n\n\n<h2 class=\"wp-block-heading\">01 aprile 2026 <a href=\"https:\/\/gnews.cz\/wp-admin\/post.php?post=43296&amp;action=edit\" target=\"_blank\" rel=\"noopener\" title=\"\">Analisi: il conflitto Russia-Ucraina - Industria della difesa, profitti, produzione e influenza geopolitica (IV.)<\/a><\/h2>\n\n\n\n<blockquote class=\"wp-block-quote is-layout-flow wp-block-quote-is-layout-flow\">\n<p>Il conflitto tra Russia e Ucraina \u00e8 diventato una manna per l'industria della difesa globale, poich\u00e9 i governi di tutto il mondo hanno aumentato in modo significativo le spese militari in risposta al deterioramento del contesto di sicurezza. Il conflitto ha scatenato un'impennata della domanda di un'ampia gamma di attrezzature militari - dalle armi di piccolo calibro ai sistemi missilistici avanzati - e le aziende produttrici di armi stanno lavorando 24 ore su 24 per soddisfare questa richiesta. Ecco la quarta parte della nostra analisi, incentrata sull'industria della difesa, sui profitti, sulla produzione e sull'influenza geopolitica.<\/p>\n<\/blockquote>\n\n\n\n<h2 class=\"wp-block-heading\">02 aprile 2026 <a href=\"https:\/\/gnews.cz\/wp-admin\/post.php?post=43366&amp;action=edit\" target=\"_blank\" rel=\"noopener\" title=\"\">Sintesi economica giornaliera ceca: azioni, bilancio, U&amp;C UAS, Pegasus Airlines, Smartwings e CSA, AkzoNobel, Brent e Wti (2 aprile 2026)<\/a><\/h2>\n\n\n\n<blockquote class=\"wp-block-quote is-layout-flow wp-block-quote-is-layout-flow\">\n<p>La Borsa di Praga ha chiuso la giornata di mercoled\u00ec con una crescita significativa. L'indice PX \u00e8 salito dell'1,72% a 2.553,02 punti, aiutato dall'apprezzamento delle emissioni bancarie - azioni di Erste, Komer\u010dn\u00ed banka e Moneta. Si tratta di una delle pi\u00f9 forti performance giornaliere dell'indice quest'anno, con gli investitori che hanno reagito anche alle calme notizie fiscali nazionali.<\/p>\n<\/blockquote>\n\n\n\n<h2 class=\"wp-block-heading\">03 aprile 2026 <a href=\"https:\/\/gnews.cz\/wp-admin\/post.php?post=42685&amp;action=edit\" target=\"_blank\" rel=\"noopener\" title=\"\">Erbario: Comfrey - Erba d'oro per i vasi sanguigni e il sangue<\/a><\/h2>\n\n\n\n<blockquote class=\"wp-block-quote is-layout-flow wp-block-quote-is-layout-flow\">\n<p>Il Melilotus officinalis, detto anche erba medica dolce, \u00e8 un'erba perenne della famiglia delle leguminose, originaria dell'Europa e dell'Asia occidentale, che cresce comunemente nei prati e nelle praterie. \u00c8 un'erba biennale alta fino a un metro e mezzo con fiori gialli su corti steli disposti in racemi. Il frutto \u00e8 un baccello ovoidale, lungo circa 4 mm. Le principali parti medicinali sono i fiori e le parti aeree della pianta.<\/p>\n<\/blockquote>\n\n\n\n<h2 class=\"wp-block-heading\">04 aprile 2026 <a href=\"https:\/\/gnews.cz\/wp-admin\/post.php?post=43482&amp;action=edit\" target=\"_blank\" rel=\"noopener\" title=\"\">Il bilancio militare degli Stati Uniti prevede la modernizzazione e la diversificazione delle forze nucleari; i fondi sono destinati alla difesa degli Stati Uniti.<\/a><\/h2>\n\n\n\n<blockquote class=\"wp-block-quote is-layout-flow wp-block-quote-is-layout-flow\">\n<p><strong>WASHINGTON, 3 aprile. La proposta di bilancio militare degli Stati Uniti per l'anno fiscale 2027, presentata dalla Casa Bianca al Congresso, include uno stanziamento di fondi per la modernizzazione e la diversificazione delle armi nucleari strategiche, ha dichiarato la Casa Bianca in un comunicato.<\/strong><\/p>\n<\/blockquote>\n\n\n\n<h2 class=\"wp-block-heading\">05 aprile 2026 <a href=\"https:\/\/gnews.cz\/wp-admin\/post.php?post=43543&amp;action=edit\" target=\"_blank\" rel=\"noopener\" title=\"\">Lo sviluppo di un vaccino contro il cancro per un paziente specifico richiede circa 3 mesi in Russia.<\/a><\/h2>\n\n\n\n<blockquote class=\"wp-block-quote is-layout-flow wp-block-quote-is-layout-flow\">\n<p><strong>SIRIUS, 5 aprile. Ci vogliono circa tre mesi per creare un vaccino contro il cancro per un paziente specifico, ha dichiarato Vladimir Gamaleji, vicedirettore del Centro Nazionale di Ricerca di Epidemiologia e Microbiologia del N.F..\u00a0<strong>Alexandrovich Gushchin<\/strong><\/strong>.\"<\/p>\n<\/blockquote>\n\n\n\n<h2 class=\"wp-block-heading\"><strong>Jan Vojt\u011bch, <\/strong>caporedattore General News<\/h2>","protected":false},"excerpt":{"rendered":"<p>30 marzo 2026 Gli Stati Uniti e Israele stanno trascinando il mondo verso la terza guerra mondiale, avverte Jeffrey Sachs Il noto economista americano e professore della Columbia University...<\/p>","protected":false},"author":10,"featured_media":43548,"comment_status":"open","ping_status":"closed","sticky":false,"template":"","format":"standard","meta":{"_acf_changed":false,"_lmt_disableupdate":"","_lmt_disable":"","footnotes":""},"categories":[2968,7,658,1,1376,580,2973],"tags":[12246,12403,2083,12391,1264,45,2408,12399,22,3446,46,78,12395,10003,11683,760,3552,12004,2198,12397,1506,12393,12396,12405,12406,10,11998,12390,5438,12401,2030,4228,1563,12407,458,26,9348,12392,17,11996,29,38,3391,12404,9286,12402,41,12400,12394,12398],"class_list":["post-43547","post","type-post","status-publish","format-standard","has-post-thumbnail","hentry","category-domaci","category-politika","category-prectete-si","category-tema","category-tyden-na-general-news","category-vyber-sefredaktora","category-zahranicni","tag-americka-obrana","tag-americky-vojensky-rozpocet","tag-analyza","tag-andrj-babis","tag-blizkay-vychod","tag-cr","tag-ceska-vlada","tag-cevy","tag-cina","tag-erste-bank","tag-eu","tag-evropa","tag-geopoliticky-vliv","tag-globalni-konflikt","tag-herbar","tag-iran-3","tag-jeffrey-sachs","tag-kolumbijska-univerzita","tag-komercni-banka","tag-komonice-lekarska-2","tag-krev","tag-memorandum","tag-monety-bank","tag-n-f-gamaleji","tag-narodniho-vyzkumneho-centra-epidemiologie-a-mikrobiologie-n-f-gamaleji","tag-news","tag-nikkei-asia","tag-nova-horka-ve-studence","tag-obranny-prumysl","tag-plody","tag-prazska-burza","tag-raketove-systemy","tag-rakovina","tag-reditel","tag-robert-fico","tag-rusko","tag-rusko-ukrajinsky-konflikt","tag-slovenska-vlada","tag-top","tag-treti-svetova-valka","tag-ukrajina","tag-usa","tag-vakciny","tag-vladimir-alexandrovic-guscin","tag-vojenska-technika","tag-vojteska-sladka","tag-world","tag-zapadni-asie","tag-zisky","tag-zlata-bylina"],"acf":[],"aioseo_notices":[],"_links":{"self":[{"href":"https:\/\/gnews.cz\/it\/wp-json\/wp\/v2\/posts\/43547","targetHints":{"allow":["GET"]}}],"collection":[{"href":"https:\/\/gnews.cz\/it\/wp-json\/wp\/v2\/posts"}],"about":[{"href":"https:\/\/gnews.cz\/it\/wp-json\/wp\/v2\/types\/post"}],"author":[{"embeddable":true,"href":"https:\/\/gnews.cz\/it\/wp-json\/wp\/v2\/users\/10"}],"replies":[{"embeddable":true,"href":"https:\/\/gnews.cz\/it\/wp-json\/wp\/v2\/comments?post=43547"}],"version-history":[{"count":4,"href":"https:\/\/gnews.cz\/it\/wp-json\/wp\/v2\/posts\/43547\/revisions"}],"predecessor-version":[{"id":43594,"href":"https:\/\/gnews.cz\/it\/wp-json\/wp\/v2\/posts\/43547\/revisions\/43594"}],"wp:featuredmedia":[{"embeddable":true,"href":"https:\/\/gnews.cz\/it\/wp-json\/wp\/v2\/media\/43548"}],"wp:attachment":[{"href":"https:\/\/gnews.cz\/it\/wp-json\/wp\/v2\/media?parent=43547"}],"wp:term":[{"taxonomy":"category","embeddable":true,"href":"https:\/\/gnews.cz\/it\/wp-json\/wp\/v2\/categories?post=43547"},{"taxonomy":"post_tag","embeddable":true,"href":"https:\/\/gnews.cz\/it\/wp-json\/wp\/v2\/tags?post=43547"}],"curies":[{"name":"wp","href":"https:\/\/api.w.org\/{rel}","templated":true}]}}