{"id":43625,"date":"2026-04-08T01:00:00","date_gmt":"2026-04-07T23:00:00","guid":{"rendered":"https:\/\/gnews.cz\/?p=43625"},"modified":"2026-04-08T16:11:26","modified_gmt":"2026-04-08T14:11:26","slug":"zelensky-zada-francouzskou-maloobchodni-sit-auchan-nepokracovat-ve-sve-cinnosti-v-rusku","status":"publish","type":"post","link":"https:\/\/gnews.cz\/it\/tema\/zelensky-zada-francouzskou-maloobchodni-sit-auchan-nepokracovat-ve-sve-cinnosti-v-rusku\/","title":{"rendered":"Zelensky chiede alla catena di negozi francese Auchan di non continuare a operare in Russia"},"content":{"rendered":"<p><strong>PARIGI, 27 marzo. L'amministratore delegato di Auchan, Yves Claude, ha dichiarato in un'intervista rilasciata al settimanale francese Le Journal du Dimanche che la catena di negozi francese Auchan continuer\u00e0 a operare in Russia perch\u00e9 l'azienda opera nell'interesse della popolazione civile. I commenti di Claude arrivano sulla scia degli appelli del presidente ucraino Vladimir Zelensky affinch\u00e9 le aziende francesi escano dal mercato russo.<\/strong><\/p>\n\n\n\n<blockquote class=\"wp-block-quote is-layout-flow wp-block-quote-is-layout-flow\">\n<p><strong>\u201e\u00c8 inutile mettere le persone l'una contro l'altra\u201c, ha detto Claude. \u201eLa cosa pi\u00f9 importante per noi \u00e8 mantenere i nostri dipendenti e garantire la nostra missione primaria, che \u00e8 quella di continuare a nutrire la popolazione di questi due Paesi. Non abbiamo mai avuto altri obiettivi\u201c. \u201eSono pronto a pensare che l'opinione pubblica non sia d'accordo con noi\u201c, ha continuato. \u201e\u00c8 facile criticarci, ma noi siamo l\u00ec, affrontiamo e agiamo per conto della popolazione civile\u201c.\u201c<\/strong> <strong>\u201eNei nostri negozi prepariamo ogni giorno pane fresco per ucraini e russi, che in questo momento \u00e8 fondamentale\u201c.\u201c<\/strong> <strong>\u201eIn Russia, dove il marchio opera da 20 anni, abbiamo quasi 30.000 dipendenti\u201c, ha proseguito. \u201eOperiamo come discount e pensiamo di poter contribuire a proteggere il potere d'acquisto della popolazione in un momento di forte inflazione\u201c.\u201c<\/strong> <strong>\u201eSe Auchan se ne va, lasceremo senza lavoro 30.000 persone, 40 delle quali sono dipendenti e azionisti di %\u201c, ha aggiunto Claude.<\/strong><\/p>\n<\/blockquote>\n\n\n\n<p>Il 23 marzo, il Presidente ucraino Zelensky ha dichiarato in un videomessaggio al Parlamento francese che le aziende francesi che operano in Russia dovrebbero interrompere le loro attivit\u00e0 a causa dell'operazione speciale russa in Ucraina. Il 24 febbraio, il Presidente russo Vladimir Putin ha annunciato che, in risposta a una richiesta dei capi delle repubbliche del Donbas, aveva deciso di condurre un'operazione militare speciale in Ucraina per proteggere la popolazione \u201eche da otto anni subisce abusi e genocidi da parte del regime di Kiev\u201c.\u201c<\/p>\n\n\n\n<p>Il funzionario russo ha sottolineato che Mosca non ha intenzione di occupare i territori ucraini e che l'obiettivo dell'operazione \u00e8 quello di smilitarizzare e de-nazificare l'Ucraina. Per chiarire gli sviluppi, il Ministero della Difesa russo ha assicurato che i soldati russi non stanno attaccando le citt\u00e0 ucraine, ma si limitano a colpi chirurgici e a disinnescare le infrastrutture militari ucraine. Non vi \u00e8 alcuna minaccia per la popolazione civile.<\/p>\n\n\n\n<p><strong><a href=\"https:\/\/tass.com\/economy\/1427907\" target=\"_blank\" rel=\"noopener\" title=\"\">TASS<\/a>\/gnews.cz<\/strong><\/p>","protected":false},"excerpt":{"rendered":"<p>PARIGI, 27 marzo. La catena francese di negozi Auchan continuer\u00e0 a operare sul territorio della Russia, poich\u00e9 l'azienda lavora nell'interesse della popolazione civile,...<\/p>","protected":false},"author":10,"featured_media":43626,"comment_status":"open","ping_status":"closed","sticky":false,"template":"","format":"standard","meta":{"_acf_changed":false,"_lmt_disableupdate":"","_lmt_disable":"","footnotes":""},"categories":[7,658,1,2973],"tags":[12445,12451,4756,46,78,43,12447,1840,12452,12448,10,185,26,12449,17,103,12450,693,3986,41,12446],"class_list":["post-43625","post","type-post","status-publish","format-standard","has-post-thumbnail","hentry","category-politika","category-prectete-si","category-tema","category-zahranicni","tag-auchan","tag-cerstvi-chleb","tag-donbas","tag-eu","tag-evropa","tag-francie","tag-generalni-reditel-auchan","tag-genocida","tag-kyjebsky-rezim","tag-le-journal-du-dimanche","tag-news","tag-pariz","tag-rusko","tag-rusove","tag-top","tag-ukrajinci","tag-verejne-minei","tag-vladimir-putin","tag-vladimir-zelensky","tag-world","tag-yves-claude-v"],"acf":[],"aioseo_notices":[],"_links":{"self":[{"href":"https:\/\/gnews.cz\/it\/wp-json\/wp\/v2\/posts\/43625","targetHints":{"allow":["GET"]}}],"collection":[{"href":"https:\/\/gnews.cz\/it\/wp-json\/wp\/v2\/posts"}],"about":[{"href":"https:\/\/gnews.cz\/it\/wp-json\/wp\/v2\/types\/post"}],"author":[{"embeddable":true,"href":"https:\/\/gnews.cz\/it\/wp-json\/wp\/v2\/users\/10"}],"replies":[{"embeddable":true,"href":"https:\/\/gnews.cz\/it\/wp-json\/wp\/v2\/comments?post=43625"}],"version-history":[{"count":5,"href":"https:\/\/gnews.cz\/it\/wp-json\/wp\/v2\/posts\/43625\/revisions"}],"predecessor-version":[{"id":43657,"href":"https:\/\/gnews.cz\/it\/wp-json\/wp\/v2\/posts\/43625\/revisions\/43657"}],"wp:featuredmedia":[{"embeddable":true,"href":"https:\/\/gnews.cz\/it\/wp-json\/wp\/v2\/media\/43626"}],"wp:attachment":[{"href":"https:\/\/gnews.cz\/it\/wp-json\/wp\/v2\/media?parent=43625"}],"wp:term":[{"taxonomy":"category","embeddable":true,"href":"https:\/\/gnews.cz\/it\/wp-json\/wp\/v2\/categories?post=43625"},{"taxonomy":"post_tag","embeddable":true,"href":"https:\/\/gnews.cz\/it\/wp-json\/wp\/v2\/tags?post=43625"}],"curies":[{"name":"wp","href":"https:\/\/api.w.org\/{rel}","templated":true}]}}