{"id":43683,"date":"2026-04-09T16:00:00","date_gmt":"2026-04-09T14:00:00","guid":{"rendered":"https:\/\/gnews.cz\/?p=43683"},"modified":"2026-04-27T14:06:42","modified_gmt":"2026-04-27T12:06:42","slug":"ceska-politicka-scena-v-plnem-proudu-prezident-pavel-si-stezuje-rozpoctovi-paraziti-dostali-ranu-a-petr-holec-ve-svem-viralnim-videu-odhalil-zaujatost-ceske-televize-petr-holec-zive-268","status":"publish","type":"post","link":"https:\/\/gnews.cz\/it\/rozhovory\/ceska-politicka-scena-v-plnem-proudu-prezident-pavel-si-stezuje-rozpoctovi-paraziti-dostali-ranu-a-petr-holec-ve-svem-viralnim-videu-odhalil-zaujatost-ceske-televize-petr-holec-zive-268\/","title":{"rendered":"La scena politica ceca \u00e8 in pieno fermento: il presidente Pavel si lamenta, i parassiti del bilancio vengono colpiti e Petr Holec rivela i pregiudizi della TV ceca nel suo video virale (Petr Holec live #268)"},"content":{"rendered":"<p><strong>Scoprite un esplosivo dramma politico ceco in cui il presidente Petr Pavel si lamenta dell'abbandono della NATO, Filip Turek elimina dal bilancio statale le \u201esanguisughe\u201c delle ONG ambientaliste e le richieste di privatizzazione della bieca Televisione Ceca (CT) si fanno sempre pi\u00f9 insistenti. L'energico streaming 268 di Petr Holec su YouTube analizza i successi dell'austerit\u00e0 governativa, l'ipocrisia dei sussidi alla cultura e il crollo dell'opposizione: una visione essenziale per gli appassionati di politica mondiale che seguono le misure fiscali europee.<\/strong><\/p>\n\n\n\n<p>Nell'appassionante mondo della politica ceca, poche persone parlano pi\u00f9 forte di <strong>maestro Petr Holec<\/strong>, un commentatore che non scherza e la cui trasmissione in diretta del mercoled\u00ec sera sul suo canale YouTube <strong>Xaver Live<\/strong> attira decine di migliaia di persone desiderose di conoscere la verit\u00e0 senza mezzi termini. L'episodio 268, intitolato \u201ePavel piagnucola, Turek uccide le sanguisughe e altre schifezze della TV ceca\u201c, \u00e8 una magistrale dimostrazione di grande passione. Trasmesso in diretta l\u201e8 aprile 2026 davanti a pi\u00f9 di 10.600 spettatori, Holec analizza con energia contagiosa le audaci mosse di austerit\u00e0 del governo Fial dopo le elezioni del 2021 - ora amplificate dai cambiamenti del 2025. Per la gente comune di tutto il mondo, stanca degli sprechi dei contribuenti e dei piagnistei dell'\u00e9lite, si tratta di una politica da thriller: eroi che tagliano le \u201csanguisughe\" dal bilancio, cattivi come il presidente Peter Paul che gioca a fare il leader dell'opposizione, e un chiaro appello a eliminare la parzialit\u00e0 dei media di Stato.<\/p>\n\n\n\n<figure class=\"wp-block-image size-large\"><img fetchpriority=\"high\" decoding=\"async\" width=\"1024\" height=\"573\" src=\"https:\/\/gnews.cz\/wp-content\/uploads\/2026\/04\/holec04-1024x573.webp\" alt=\"Xaver Live\" class=\"wp-image-43694\" srcset=\"https:\/\/gnews.cz\/wp-content\/uploads\/2026\/04\/holec04-1024x573.webp 1024w, https:\/\/gnews.cz\/wp-content\/uploads\/2026\/04\/holec04-300x168.webp 300w, https:\/\/gnews.cz\/wp-content\/uploads\/2026\/04\/holec04-768x430.webp 768w, https:\/\/gnews.cz\/wp-content\/uploads\/2026\/04\/holec04-18x10.webp 18w, https:\/\/gnews.cz\/wp-content\/uploads\/2026\/04\/holec04-1170x655.webp 1170w, https:\/\/gnews.cz\/wp-content\/uploads\/2026\/04\/holec04-585x328.webp 585w, https:\/\/gnews.cz\/wp-content\/uploads\/2026\/04\/holec04.webp 1500w\" sizes=\"(max-width: 1024px) 100vw, 1024px\" \/><\/figure>\n\n\n\n<p>Petr Holec esordisce con un secco riferimento a Peter Paul, ex generale e attuale presidente, e si fa beffe dei suoi \u201epiagnistei\u201c per non essere stato invitato al vertice della NATO. \u201eIl presidente Petr Pavel si sta lamentando di brutto. Non \u00e8 la mia parola, \u00e8 la sua parola preferita\u201c, scherza Holec, godendosi la notizia dal Castello di Praga. Pavel, considerato di sinistra nonostante la sua indipendenza, pretende di partecipare nonostante il veto del ministro degli Esteri Petr Macinka - al diavolo il protocollo costituzionale. Holec sbotta: \u201ePetr Pavel \u00e8 il leader dell'opposizione... sta spingendo l'agenda dell'opposizione\u201c. Ex presidenti come V\u00e1clav Klaus, Milo\u0161 Zeman e V\u00e1clav Havel non si sono mai scontrati in questo modo; le minacce di Pavel di fare causa alla Corte Costituzionale (piena di giudici da lui nominati) sanno di \u201eputsch costituzionale\u201c. Il pubblico applaude: \u201ePensate che quello stupido bastardo porter\u00e0 il Primo Ministro al vertice della NATO?\u201c. Holec prevede che Pavel sar\u00e0 un semplice \u201efotografo\u201c in disparte e lo collega a scandali come il blocco della nomina a ministro di Filip Turk - ora la vendetta di Turk \u00e8 dolce.<\/p>\n\n\n\n<figure class=\"wp-block-image size-large\"><img decoding=\"async\" width=\"1024\" height=\"574\" src=\"https:\/\/gnews.cz\/wp-content\/uploads\/2026\/04\/holec05-1024x574.webp\" alt=\"Xaver Live\" class=\"wp-image-43695\" srcset=\"https:\/\/gnews.cz\/wp-content\/uploads\/2026\/04\/holec05-1024x574.webp 1024w, https:\/\/gnews.cz\/wp-content\/uploads\/2026\/04\/holec05-300x168.webp 300w, https:\/\/gnews.cz\/wp-content\/uploads\/2026\/04\/holec05-768x431.webp 768w, https:\/\/gnews.cz\/wp-content\/uploads\/2026\/04\/holec05-18x10.webp 18w, https:\/\/gnews.cz\/wp-content\/uploads\/2026\/04\/holec05-1170x656.webp 1170w, https:\/\/gnews.cz\/wp-content\/uploads\/2026\/04\/holec05-585x328.webp 585w, https:\/\/gnews.cz\/wp-content\/uploads\/2026\/04\/holec05.webp 1500w\" sizes=\"(max-width: 1024px) 100vw, 1024px\" \/><\/figure>\n\n\n<div class=\"wp-block-image\">\n<figure class=\"aligncenter size-large\"><img decoding=\"async\" width=\"1024\" height=\"856\" src=\"https:\/\/gnews.cz\/wp-content\/uploads\/2026\/04\/holec07-1024x856.webp\" alt=\"Xaver Live\" class=\"wp-image-43693\" srcset=\"https:\/\/gnews.cz\/wp-content\/uploads\/2026\/04\/holec07-1024x856.webp 1024w, https:\/\/gnews.cz\/wp-content\/uploads\/2026\/04\/holec07-300x251.webp 300w, https:\/\/gnews.cz\/wp-content\/uploads\/2026\/04\/holec07-768x642.webp 768w, https:\/\/gnews.cz\/wp-content\/uploads\/2026\/04\/holec07-14x12.webp 14w, https:\/\/gnews.cz\/wp-content\/uploads\/2026\/04\/holec07-585x489.webp 585w, https:\/\/gnews.cz\/wp-content\/uploads\/2026\/04\/holec07.webp 1077w\" sizes=\"(max-width: 1024px) 100vw, 1024px\" \/><\/figure>\n<\/div>\n\n\n<p>Entra in scena una star: Filip Turek, peso massimo del Partito degli Automobilisti e Commissario per le Autostrade, salutato come un \u201eduro\u201c alla stregua dello slovacco Robert Fico. Turek ha intrapreso una caccia alle \u201esanguisughe\u201c e sta tagliando drasticamente i sussidi alle entit\u00e0 parassitarie. Il ministro della Cultura Otakar \u201eOtok\u201c Klemp\u00ed\u0159 licenzia il direttore del Festival della Primavera di Praga, Martin Baxa: \u201eKlemp\u00ed\u0159 ha licenziato Baxa... Mi piace!\u201c. Turek, tuttavia, ruba la scena, diventando vicepresidente del Fondo statale per l'ambiente e tagliando i fondi al Movimento Arcobaleno - bollato come \u201eeco-terrorista\u201c e lobbista dello \u201eStato profondo\u201c legato a George Soros. \u201eNon riceverete pi\u00f9 una sola corona\u201c, twitta Turek, smascherando le false affermazioni di Rainbow sui \u201edonatori privati\u201c con gli schemi dell'avvocato Robert Kocian: milioni dai ministeri che passano attraverso i loops. Turek taglia 128,5 milioni di corone ceche per le conferenze ambientali del GF9: \u201eHa raccomandato di lasciare che i tagli... vengano fatti alle conferenze e di trollare le eco-parole\u201c. Holec esplode: \u201eGli automobilisti si sono messi a crocifiggere questi polpi... Questo \u00e8 il cancro della politica!\u201c. Anche il funzionario di Praga 20 Jan Biderman minaccia Turk per la sua fedelt\u00e0 a Peter Paul, sottolineando il disgusto delle \u00e9lite.<\/p>\n\n\n\n<figure class=\"wp-block-image size-large\"><img loading=\"lazy\" decoding=\"async\" width=\"1024\" height=\"573\" src=\"https:\/\/gnews.cz\/wp-content\/uploads\/2026\/04\/holec01-1024x573.webp\" alt=\"Xaver Live\" class=\"wp-image-43685\" srcset=\"https:\/\/gnews.cz\/wp-content\/uploads\/2026\/04\/holec01-1024x573.webp 1024w, https:\/\/gnews.cz\/wp-content\/uploads\/2026\/04\/holec01-300x168.webp 300w, https:\/\/gnews.cz\/wp-content\/uploads\/2026\/04\/holec01-768x430.webp 768w, https:\/\/gnews.cz\/wp-content\/uploads\/2026\/04\/holec01-18x10.webp 18w, https:\/\/gnews.cz\/wp-content\/uploads\/2026\/04\/holec01-1170x655.webp 1170w, https:\/\/gnews.cz\/wp-content\/uploads\/2026\/04\/holec01-585x328.webp 585w, https:\/\/gnews.cz\/wp-content\/uploads\/2026\/04\/holec01.webp 1500w\" sizes=\"(max-width: 1024px) 100vw, 1024px\" \/><\/figure>\n\n\n\n<p>I manifestanti del movimento \u201eFronte culturale nazionale\u201c chiedono di mantenere invariati i bilanci, nonostante il movimento ANO di Babi\u0161 predichi misure di austerit\u00e0. Petr Holec smaschera l'ipocrisia: \u201eIl Fronte Culturale Nazionale... da dove viene... dobbiamo risparmiare\u201c. L'attrice Dagmar Zlatohl\u00e1vkov\u00e1 promuove l'uso della bicicletta invece di usare il petrolio; Holec risponde: \u201eGrazie in realt\u00e0 per l'attrice Zlatohl\u00e1vkov\u00e1... Hanno provato a guadagnare i soldi da soli almeno una volta nella vita?\u201c. I teatri privati come il Teatro della Pace di Ostrava prosperano senza sovvenzioni: la prova che l'arte non ha bisogno dei \u201esoldi degli altri\u201c.<\/p>\n\n\n\n<figure class=\"wp-block-image size-large\"><img loading=\"lazy\" decoding=\"async\" width=\"1024\" height=\"573\" src=\"https:\/\/gnews.cz\/wp-content\/uploads\/2026\/04\/holec02-1024x573.webp\" alt=\"Xaver Live\" class=\"wp-image-43686\" srcset=\"https:\/\/gnews.cz\/wp-content\/uploads\/2026\/04\/holec02-1024x573.webp 1024w, https:\/\/gnews.cz\/wp-content\/uploads\/2026\/04\/holec02-300x168.webp 300w, https:\/\/gnews.cz\/wp-content\/uploads\/2026\/04\/holec02-768x430.webp 768w, https:\/\/gnews.cz\/wp-content\/uploads\/2026\/04\/holec02-18x10.webp 18w, https:\/\/gnews.cz\/wp-content\/uploads\/2026\/04\/holec02-1170x655.webp 1170w, https:\/\/gnews.cz\/wp-content\/uploads\/2026\/04\/holec02-585x328.webp 585w, https:\/\/gnews.cz\/wp-content\/uploads\/2026\/04\/holec02.webp 1500w\" sizes=\"(max-width: 1024px) 100vw, 1024px\" \/><\/figure>\n\n\n\n<p>Il gioiello della corona? La Televisione Ceca (CT) e la Radio Ceca (CRO), criticate come \u201etelevisione di Stato\u201c che si spaccia per indipendente. Petr Holec critica aspramente la copertura di CT della partita Sparta-Pardubice e i dibattiti truccati: un critico (Ladislav Jakl) contro difensori preselezionati. Jakl ha detto con precisione: \u201eL'arte libera come diritto ai soldi degli altri... La cultura indipendente... \u00e8 indipendente come un drogato che si droga\u201c. Holec chiede: \u201eDovremmo abolire la Televisione Ceca... Mettiamo fine a tutto questo\u201c. Privatizzare il marchio e l'archivio a basso costo, senza bisogno di mega-studios. \u201eSi compra un marchio... non c'\u00e8 bisogno di un mega campus... si comprano i contenuti, si compra il personale\u201c. Lo staff di CT mente sui finanziamenti \u201etotalitari\u201c; Holec definisce \u201ecriminale usare la parola indipendente\u201c. Scandali come Takac, Reznicek e la mobilitazione si rivelano irreparabili - cos\u00ec come il \u201ecancro al pancreas\u201c (pancreatic cancer).<\/p>\n\n\n\n<figure class=\"wp-block-image size-large\"><img loading=\"lazy\" decoding=\"async\" width=\"1024\" height=\"573\" src=\"https:\/\/gnews.cz\/wp-content\/uploads\/2026\/04\/holec03-1024x573.webp\" alt=\"Xaver Live\" class=\"wp-image-43687\" srcset=\"https:\/\/gnews.cz\/wp-content\/uploads\/2026\/04\/holec03-1024x573.webp 1024w, https:\/\/gnews.cz\/wp-content\/uploads\/2026\/04\/holec03-300x168.webp 300w, https:\/\/gnews.cz\/wp-content\/uploads\/2026\/04\/holec03-768x430.webp 768w, https:\/\/gnews.cz\/wp-content\/uploads\/2026\/04\/holec03-18x10.webp 18w, https:\/\/gnews.cz\/wp-content\/uploads\/2026\/04\/holec03-1170x655.webp 1170w, https:\/\/gnews.cz\/wp-content\/uploads\/2026\/04\/holec03-585x328.webp 585w, https:\/\/gnews.cz\/wp-content\/uploads\/2026\/04\/holec03.webp 1500w\" sizes=\"(max-width: 1024px) 100vw, 1024px\" \/><\/figure>\n\n\n\n<p>Petr Holec, che difende il governo dopo tre mesi al potere, invita alla pazienza: \u201eAbbiate pazienza, non giudicatelo da tre mesi\u201c. Pavel Novotn\u00fd dell'ODS torna dopo la scarcerazione (\u201eDalla prigione all'ODS\u201c), a Brno infuriano i raid sui sussidi, i veterani ucraini rappresentano un rischio (Fico lo aveva avvertito anni fa). La Commissione per la Dosimetria (Dr. Rajchl, Renata Vesecka) indaga sul caos dei bitcoin; smascherate le manovre di copertura sulla sparatoria di Praga. I tweet dell'opposizione, come quello di Jana - \u201eIl partito con 7 % qui determiner\u00e0 dove il presidente pu\u00f2 viaggiare\u201c - rivelano un \u201epensiero totalitario\u201c. Holec si sfoga: \u201eLa democrazia \u00e8 solo questo e si applica solo quando vincono\u201c.\u201c<\/p>\n\n\n\n<p><\/p>\n\n\n\n<p><strong>gnews.cz - GH<\/strong><\/p>\n\n\n\n<p><\/p>\n\n\n\n<p>Potete vedere il video completo qui: <strong><a href=\"https:\/\/www.youtube.com\/watch?v=0pAd4ywZVnU\" target=\"_blank\" rel=\"noopener\" title=\"\">https:\/\/www.youtube.com\/watch?v=0pAd4ywZVnU<\/a><\/strong><\/p>\n\n\n\n<figure class=\"wp-block-image size-large\"><a href=\"https:\/\/www.youtube.com\/watch?v=0pAd4ywZVnU\" target=\"_blank\" rel=\" noreferrer noopener\"><img loading=\"lazy\" decoding=\"async\" width=\"1024\" height=\"573\" src=\"https:\/\/gnews.cz\/wp-content\/uploads\/2026\/04\/holec0-1024x573.webp\" alt=\"\" class=\"wp-image-43356\" srcset=\"https:\/\/gnews.cz\/wp-content\/uploads\/2026\/04\/holec0-1024x573.webp 1024w, https:\/\/gnews.cz\/wp-content\/uploads\/2026\/04\/holec0-300x168.webp 300w, https:\/\/gnews.cz\/wp-content\/uploads\/2026\/04\/holec0-768x430.webp 768w, https:\/\/gnews.cz\/wp-content\/uploads\/2026\/04\/holec0-18x10.webp 18w, https:\/\/gnews.cz\/wp-content\/uploads\/2026\/04\/holec0-1170x654.webp 1170w, https:\/\/gnews.cz\/wp-content\/uploads\/2026\/04\/holec0-585x327.webp 585w, https:\/\/gnews.cz\/wp-content\/uploads\/2026\/04\/holec0.webp 1500w\" sizes=\"(max-width: 1024px) 100vw, 1024px\" \/><\/a><\/figure>","protected":false},"excerpt":{"rendered":"<p>Scoprite un esplosivo dramma politico ceco in cui il presidente Petr Pavel si lamenta della negligenza della NATO, Filip Turek elimina le \u201esanguisughe\u201c dai ranghi...<\/p>","protected":false},"author":3,"featured_media":43350,"comment_status":"open","ping_status":"closed","sticky":false,"template":"","format":"standard","meta":{"_acf_changed":false,"_lmt_disableupdate":"","_lmt_disable":"","footnotes":""},"categories":[2968,3,7,658,2],"tags":[8189,45,6807,3953,3480,1939,12543,12546,958,12547,1537,12544,74,56,419,12151,1145,151,44,71,12545,17,8547,92,12152],"class_list":["post-43683","post","type-post","status-publish","format-standard","has-post-thumbnail","hentry","category-domaci","category-neprehlednete","category-politika","category-prectete-si","category-rozhovory","tag-ceska-politika","tag-cr","tag-ceska-televize","tag-cesky-rozhlas","tag-demokracie","tag-dotace","tag-dotace-na-kulturu","tag-ekoteroriste","tag-filip-turek","tag-fiskalni-skrty","tag-george-soros","tag-hnuti-duha","tag-kultura","tag-nato","tag-petr-fiala","tag-petr-holec","tag-petr-macinka","tag-petr-pavel","tag-politika","tag-prezident","tag-privatizace-ceske-televize","tag-top","tag-top-2","tag-vlada","tag-xaver-live"],"acf":[],"aioseo_notices":[],"_links":{"self":[{"href":"https:\/\/gnews.cz\/it\/wp-json\/wp\/v2\/posts\/43683","targetHints":{"allow":["GET"]}}],"collection":[{"href":"https:\/\/gnews.cz\/it\/wp-json\/wp\/v2\/posts"}],"about":[{"href":"https:\/\/gnews.cz\/it\/wp-json\/wp\/v2\/types\/post"}],"author":[{"embeddable":true,"href":"https:\/\/gnews.cz\/it\/wp-json\/wp\/v2\/users\/3"}],"replies":[{"embeddable":true,"href":"https:\/\/gnews.cz\/it\/wp-json\/wp\/v2\/comments?post=43683"}],"version-history":[{"count":1,"href":"https:\/\/gnews.cz\/it\/wp-json\/wp\/v2\/posts\/43683\/revisions"}],"predecessor-version":[{"id":43696,"href":"https:\/\/gnews.cz\/it\/wp-json\/wp\/v2\/posts\/43683\/revisions\/43696"}],"wp:featuredmedia":[{"embeddable":true,"href":"https:\/\/gnews.cz\/it\/wp-json\/wp\/v2\/media\/43350"}],"wp:attachment":[{"href":"https:\/\/gnews.cz\/it\/wp-json\/wp\/v2\/media?parent=43683"}],"wp:term":[{"taxonomy":"category","embeddable":true,"href":"https:\/\/gnews.cz\/it\/wp-json\/wp\/v2\/categories?post=43683"},{"taxonomy":"post_tag","embeddable":true,"href":"https:\/\/gnews.cz\/it\/wp-json\/wp\/v2\/tags?post=43683"}],"curies":[{"name":"wp","href":"https:\/\/api.w.org\/{rel}","templated":true}]}}