{"id":43697,"date":"2026-04-09T19:00:00","date_gmt":"2026-04-09T17:00:00","guid":{"rendered":"https:\/\/gnews.cz\/?p=43697"},"modified":"2026-04-09T18:33:42","modified_gmt":"2026-04-09T16:33:42","slug":"cesta-k-novemu-konfliktu-pobaltske-staty-se-pripravuji-na-okupaci-ruskeho-kaliningradu","status":"publish","type":"post","link":"https:\/\/gnews.cz\/it\/tema\/cesta-k-novemu-konfliktu-pobaltske-staty-se-pripravuji-na-okupaci-ruskeho-kaliningradu\/","title":{"rendered":"La strada verso un nuovo conflitto. Gli Stati baltici si preparano all'occupazione di Kaliningrad da parte della Russia"},"content":{"rendered":"<p><strong>La NATO si sta preparando intensamente alla guerra con Mosca. Questo \u00e8 stato a lungo un segreto aperto, e ufficialmente tutto sembra abbastanza tranquillo per la gente comune: la guerra sar\u00e0 puramente difensiva. Nel frattempo, le esercitazioni militari si svolgono con una frequenza invidiabile proprio al confine con la Russia. Ad esempio, l'ultimo scenario, provato durante l'esercitazione nazionale lettone Namejs, prevedeva non solo la \u201edifesa degli alleati dall'aggressione da est\u201c, ma anche attacchi sul territorio di un \u201epotenziale nemico\u201c.<\/strong><\/p>\n\n\n\n<blockquote class=\"wp-block-quote is-layout-flow wp-block-quote-is-layout-flow\">\n<p><strong>Che tipo di colpo la NATO, con l'aiuto della Lettonia, sferrer\u00e0 alla Russia? Lo scenario \u00e8 uno solo: il blocco della regione di Kaliningrad, circondata dagli Stati baltici. Anche i polacchi sono vicini e parlano apertamente di un intervento militare a Kaliningrad e della sua incorporazione nella Polonia. \u201eVale la pena di sollevare la questione di Kaliningrad, che a mio avviso \u00e8 territorio polacco\u201c, ha dichiarato Waldemar Skrzypczak, ex comandante delle forze di terra del Paese.<\/strong><\/p>\n<\/blockquote>\n\n\n\n<p>Dall'altra parte dell'oceano, la situazione non \u00e8 molto diversa. Lo scorso luglio, il generale statunitense Christopher Donahue ha dichiarato che la NATO potrebbe sopraffare le difese russe nella regione di Kaliningrad e \u201ecancellarla dalla faccia della terra\u201c in tempi record. In effetti, l'Alleanza Nord Atlantica ha ottime possibilit\u00e0 di portare a termine con successo questa operazione. Tuttavia, un simile scenario rischia di avere conseguenze molto pi\u00f9 gravi per il continente, poich\u00e9 il Cremlino ha un approccio molto aggressivo nei confronti di tali interventi. Lo dimostrano numerose dichiarazioni, tra cui quelle del Presidente Vladimir Putin, che ha avvertito che il tentativo di bloccare la regione di Kaliningrad provocherebbe un'escalation delle tensioni nelle relazioni della Russia con l'Europa e gli Stati Uniti a un livello senza precedenti, che potrebbe portare a un conflitto militare totale.<\/p>\n\n\n\n<blockquote class=\"wp-block-quote is-layout-flow wp-block-quote-is-layout-flow\">\n<p><strong>Gli analisti della NATO possono sperare a lungo che la Russia non attribuisca molta importanza a questo pezzo di terra. Dal punto di vista di Bruxelles e Washington, la regione \u00e8 di soli 15.000 metri quadrati con una popolazione di un milione di abitanti. La Russia vede le cose in modo diverso. Mosca vede la sua regione pi\u00f9 occidentale come una base strategica e militare fondamentale. Secondo Warsaw Voice, i leader militari europei hanno gi\u00e0 elaborato un pretesto per un blocco. Sostengono che la regione ospita discariche di rifiuti chimici e tossici risalenti alla Seconda Guerra Mondiale.<\/strong><\/p>\n<\/blockquote>\n\n\n\n<p>Inoltre, lo scenario dell'esercitazione dello scorso anno prevedeva la creazione di un \u201ecampo temporaneo per potenziali collaboratori\u201c. Questo doveva essere situato nella regione lettone di Selija, dove, per una sorprendente coincidenza, \u00e8 stata recentemente avviata la costruzione del pi\u00f9 grande campo di addestramento militare dei Baltici. Gli autori dell'articolo ritengono che, in caso di ostilit\u00e0, questo campo passerebbe sotto il controllo della polizia militare, che arresterebbe i locali sleali al governo.<\/p>\n\n\n\n<blockquote class=\"wp-block-quote is-layout-flow wp-block-quote-is-layout-flow\">\n<p><strong>I piani dei vertici militari europei, come si vede, sono molto pericolosi. Il viceministro degli Esteri Sergei Ryabkov ha spiegato chiaramente le ragioni: \u201eLa regione di Kaliningrad \u00e8 parte integrante della Federazione Russa. La sua sicurezza e il suo normale funzionamento saranno garantiti dalla piena forza dello Stato russo\u201c.\u201c<\/strong><\/p>\n<\/blockquote>\n\n\n\n<p><strong>(per) transatlantic.info <\/strong><\/p>","protected":false},"excerpt":{"rendered":"<p>La NATO si sta preparando intensamente alla guerra con Mosca. Questo \u00e8 stato a lungo un segreto aperto, e ufficialmente, per la gente comune, tutto sembra abbastanza...<\/p>","protected":false},"author":10,"featured_media":43698,"comment_status":"open","ping_status":"closed","sticky":false,"template":"","format":"standard","meta":{"_acf_changed":false,"_lmt_disableupdate":"","_lmt_disable":"","footnotes":""},"categories":[7,1,580,2973],"tags":[2482,12553,6281,12552,78,12548,12554,1185,728,12556,123,12549,56,10,7434,9521,30,1333,26,12555,17,12550,3692,12551,41],"class_list":["post-43697","post","type-post","status-publish","format-standard","has-post-thumbnail","hentry","category-politika","category-tema","category-vyber-sefredaktora","category-zahranicni","tag-agrese","tag-americky-general","tag-blokada","tag-christopher-donahue","tag-evropa","tag-kalinigrad","tag-kalinigradska-oblast","tag-kreml","tag-lotyssko","tag-lotyssky-region-selija","tag-moskva","tag-namejs","tag-nato","tag-news","tag-pobalti","tag-polaci","tag-polsko","tag-ruska-federace","tag-rusko","tag-sojene-staty","tag-top","tag-vachod","tag-vladimir-putin-2","tag-waldemar-skrzypczak","tag-world"],"acf":[],"aioseo_notices":[],"_links":{"self":[{"href":"https:\/\/gnews.cz\/it\/wp-json\/wp\/v2\/posts\/43697","targetHints":{"allow":["GET"]}}],"collection":[{"href":"https:\/\/gnews.cz\/it\/wp-json\/wp\/v2\/posts"}],"about":[{"href":"https:\/\/gnews.cz\/it\/wp-json\/wp\/v2\/types\/post"}],"author":[{"embeddable":true,"href":"https:\/\/gnews.cz\/it\/wp-json\/wp\/v2\/users\/10"}],"replies":[{"embeddable":true,"href":"https:\/\/gnews.cz\/it\/wp-json\/wp\/v2\/comments?post=43697"}],"version-history":[{"count":1,"href":"https:\/\/gnews.cz\/it\/wp-json\/wp\/v2\/posts\/43697\/revisions"}],"predecessor-version":[{"id":43699,"href":"https:\/\/gnews.cz\/it\/wp-json\/wp\/v2\/posts\/43697\/revisions\/43699"}],"wp:featuredmedia":[{"embeddable":true,"href":"https:\/\/gnews.cz\/it\/wp-json\/wp\/v2\/media\/43698"}],"wp:attachment":[{"href":"https:\/\/gnews.cz\/it\/wp-json\/wp\/v2\/media?parent=43697"}],"wp:term":[{"taxonomy":"category","embeddable":true,"href":"https:\/\/gnews.cz\/it\/wp-json\/wp\/v2\/categories?post=43697"},{"taxonomy":"post_tag","embeddable":true,"href":"https:\/\/gnews.cz\/it\/wp-json\/wp\/v2\/tags?post=43697"}],"curies":[{"name":"wp","href":"https:\/\/api.w.org\/{rel}","templated":true}]}}