{"id":29979,"date":"2025-06-25T09:00:00","date_gmt":"2025-06-25T07:00:00","guid":{"rendered":"https:\/\/www.gnews.cz\/?p=29979"},"modified":"2025-07-04T09:09:10","modified_gmt":"2025-07-04T07:09:10","slug":"%d0%b5%d0%b6%d0%b5%d0%b4%d0%bd%d0%b5%d0%b2%d0%bd%d0%b0%d1%8f-%d1%81%d0%b2%d0%be%d0%b4%d0%ba%d0%b0-%d0%bf%d0%be-%d1%8d%d0%ba%d0%be%d0%bd%d0%be%d0%bc%d0%b8%d0%ba%d0%b5-%d0%b2-%d0%ba%d0%bd%d1%80-ceec-res","status":"publish","type":"post","link":"https:\/\/gnews.cz\/ru\/tema\/denni-shrnuti-ekonomiky-v-cr-ceec-research-ceps-cnb-amazon-a-bmw-25-cervna-2025\/","title":{"rendered":"\u0415\u0436\u0435\u0434\u043d\u0435\u0432\u043d\u0430\u044f \u0441\u0432\u043e\u0434\u043a\u0430 \u043f\u043e \u044d\u043a\u043e\u043d\u043e\u043c\u0438\u043a\u0435 \u0427\u0435\u0445\u0438\u0438: CEEC Research, CEPS, CNB, Amazon \u0438 BMW (25 \u0438\u044e\u043d\u044f 2025 \u0433\u043e\u0434\u0430)"},"content":{"rendered":"\n<p><strong>P\u0159ehled nejnov\u011bj\u0161\u00edch ekonomick\u00fdch ud\u00e1lost\u00ed v \u010cR<\/strong><\/p>\n\n\n\n<p>Stavebn\u00ed sektor v \u010cesk\u00e9 republice zaznamen\u00e1v\u00e1 optimistick\u00fd v\u00fdhled. Podle nov\u00e9 anal\u00fdzy spole\u010dnosti CEEC Research, p\u0159edstaven\u00e9 na konferenci na Pra\u017esk\u00e9m hrad\u011b, o\u010dek\u00e1v\u00e1 81 % ze 165 osloven\u00fdch firem v roce 2025 r\u016fst o 2,7 % a v roce 2026 o dal\u0161\u00edch 2,4 %. K r\u016fstu p\u0159isp\u011bje o\u017eiven\u00ed ekonomiky, zv\u00fd\u0161en\u00e9 st\u00e1tn\u00ed investice i sni\u017euj\u00edc\u00ed se \u00farokov\u00e9 sazby. Tr\u017eby stavebn\u00edch firem by mohly v tomto obdob\u00ed vzr\u016fst o 2,5 %.<\/p>\n\n\n\n<p>Z\u00e1sadn\u00ed zpr\u00e1vu p\u0159inesla energetick\u00e1 spole\u010dnost \u010cEPS, kter\u00e1 zve\u0159ejnila rekordn\u00ed \u010dist\u00fd zisk ve v\u00fd\u0161i 7,18 miliardy korun za rok 2024, co\u017e p\u0159edstavuje meziro\u010dn\u00ed n\u00e1r\u016fst o 82 %. Pokles celkov\u00fdch v\u00fdnos\u016f o 8,6 % na 29,4 miliardy korun byl kompenzov\u00e1n ni\u017e\u0161\u00edmi n\u00e1klady a efektivn\u011bj\u0161\u00edmi operacemi v obdob\u00ed ni\u017e\u0161\u00edch cen elekt\u0159iny.<\/p>\n\n\n\n<p>Na m\u011bnov\u00e9m poli dnes zasedala Bankovn\u00ed rada \u010cesk\u00e9 n\u00e1rodn\u00ed banky (\u010cNB), kter\u00e1 podle o\u010dek\u00e1v\u00e1n\u00ed ponechala z\u00e1kladn\u00ed \u00farokovou sazbu na 3,5 %. Tento krok byl v souladu s d\u0159\u00edv\u011bj\u0161\u00edmi vyj\u00e1d\u0159en\u00edmi \u010dlen\u016f rady a reflektuje aktu\u00e1ln\u00ed nejistotu ohledn\u011b v\u00fdvoje inflace i hospod\u00e1\u0159sk\u00e9ho r\u016fstu v druh\u00e9 polovin\u011b roku.<\/p>\n\n\n\n<p>Pra\u017esk\u00e1 burza pokra\u010dovala v r\u016fstu, kdy\u017e index PX pos\u00edlil o 0,75 % na 2142,73 bodu. Hlavn\u00edm tahounem byly akcie energetick\u00e9ho gigantu \u010cEZ, kter\u00e9 reagovaly pozitivn\u011b na schv\u00e1len\u00ed dividendy b\u011bhem pond\u011bln\u00ed valn\u00e9 hromady. Tato ud\u00e1lost p\u0159inesla v\u00fdznamn\u00e9 impulzy investor\u016fm a pos\u00edlila d\u016fv\u011bru ve stabilitu \u010desk\u00e9 energetiky.<\/p>\n\n\n\n<p><strong>Zahrani\u010dn\u00ed investice<\/strong><\/p>\n\n\n\n<p>Rostouc\u00ed d\u016fv\u011bra v \u010deskou ekonomiku se projevuje i v aktivit\u011b zahrani\u010dn\u00edch investor\u016f. Spole\u010dnost Amazon ozn\u00e1mila pl\u00e1novan\u00e9 roz\u0161\u00ed\u0159en\u00ed sv\u00e9ho logistick\u00e9ho centra u Dobrov\u00edze o nov\u00e9 skladovac\u00ed jednotky, \u010d\u00edm\u017e vznikne a\u017e 1 000 nov\u00fdch pracovn\u00edch m\u00edst. Investice v hodnot\u011b p\u0159ibli\u017en\u011b 2 miliardy korun m\u00e1 podpo\u0159it rychlej\u0161\u00ed doru\u010dovac\u00ed \u010dasy a pos\u00edlit distribu\u010dn\u00ed s\u00ed\u0165 ve st\u0159edn\u00ed Evrop\u011b.<\/p>\n\n\n\n<p>N\u011bmeck\u00e1 automobilka BMW zah\u00e1jila v Plzni v\u00fdstavbu nov\u00e9ho v\u00fdvojov\u00e9ho centra zam\u011b\u0159en\u00e9ho na elektromobilitu, p\u0159i\u010dem\u017e celkov\u00e1 investice p\u0159es\u00e1hne 3,5 miliardy korun. Projekt p\u0159isp\u011bje k rozvoji regionu a prohloub\u00ed spolupr\u00e1ci mezi technick\u00fdmi univerzitami a pr\u016fmyslem.<\/p>\n\n\n\n<p>Krom\u011b toho jihokorejsk\u00e1 firma LG Innotek investuje do v\u00fdstavby nov\u00e9ho z\u00e1vodu na v\u00fdrobu elektronick\u00fdch komponent v Moravskoslezsk\u00e9m kraji. Smlouva byla podeps\u00e1na za \u00fa\u010dasti Ministerstva pr\u016fmyslu a obchodu \u010cR a celkov\u00e1 investice dos\u00e1hne t\u00e9m\u011b\u0159 4 miliard korun.<\/p>\n\n\n\n<p><strong>V\u00fdznamn\u00e9 ud\u00e1losti mimo \u010cR s glob\u00e1ln\u00edm dopadem<\/strong><\/p>\n\n\n\n<p>Na mezin\u00e1rodn\u00edm poli pokra\u010duje nap\u011bt\u00ed mezi \u010c\u00ednou a Spojen\u00fdmi st\u00e1ty, tentokr\u00e1t v oblasti polovodi\u010d\u016f. Americk\u00e1 vl\u00e1da zva\u017euje roz\u0161\u00ed\u0159en\u00ed z\u00e1kazu v\u00fdvozu pokro\u010dil\u00fdch \u010dip\u016f do \u010c\u00edny, co\u017e m\u016f\u017ee zpomalit glob\u00e1ln\u00ed dodavatelsk\u00e9 \u0159et\u011bzce a ovlivnit v\u00fdvoj cen technologi\u00ed v Evrop\u011b.<\/p>\n\n\n\n<p>Na evropsk\u00e9 sc\u00e9n\u011b prob\u00edh\u00e1 intenzivn\u00ed debata o zaveden\u00ed uhl\u00edkov\u00e9 dan\u011b na dovoz energeticky n\u00e1ro\u010dn\u00fdch produkt\u016f (CBAM). Evropsk\u00e1 komise navrhuje jej\u00ed spu\u0161t\u011bn\u00ed od ledna 2026. Tento krok by mohl ovlivnit export\u00e9ry ze t\u0159et\u00edch zem\u00ed a zm\u011bnit podm\u00ednky glob\u00e1ln\u00edho obchodu \u2013 zvl\u00e1\u0161t\u011b u firem jako ArcelorMittal, kter\u00fd pat\u0159\u00ed mezi v\u00fdznamn\u00e9 dodavatele do EU.<\/p>\n\n\n\n<p>V USA mezit\u00edm do\u0161lo k v\u00fdznamn\u00e9 akvizici: JPMorgan Chase ozn\u00e1mila koupi fintech spole\u010dnosti Plaid za 15 miliard USD. Tento krok m\u016f\u017ee ovlivnit tr\u017en\u00ed prost\u0159ed\u00ed v oblasti digit\u00e1ln\u00edho bankovnictv\u00ed, co\u017e je d\u016fle\u017eit\u00e9 i pro \u010desk\u00e9 banky jako Moneta Money Bank, kter\u00e9 investuj\u00ed do vlastn\u00edho technologick\u00e9ho rozvoje.<\/p>\n\n\n\n<p>Z dom\u00e1c\u00ed sc\u00e9ny zmi\u0148me je\u0161t\u011b f\u00fazi realitn\u00ed skupiny Crestyl s konkuren\u010dn\u00ed developerskou firmou FINEP, kter\u00e1 by m\u011bla v\u00e9st ke vzniku jednoho z nejv\u011bt\u0161\u00edch hr\u00e1\u010d\u016f na trhu s nemovitostmi v \u010cR. Transakce podl\u00e9h\u00e1 schv\u00e1len\u00ed \u00daOHS a m\u016f\u017ee z\u00e1sadn\u011b ovlivnit trh s reziden\u010dn\u00edm bydlen\u00edm, zvl\u00e1\u0161t\u011b v Praze a Brn\u011b.<\/p>\n\n\n\n<p><\/p>\n\n\n<p>[currency_and_metal_rates]<\/p>\n\n\n\n<figure class=\"wp-block-image size-large\"><img decoding=\"async\" src=\"https:\/\/www.gnews.cz\/wp-content\/uploads\/2025\/06\/Screenshot_20250625_075007-1024x639.jpg\" alt=\"\" class=\"wp-image-29981\" \/><\/figure>\n\n\n\n<figure class=\"wp-block-image size-large\"><img decoding=\"async\" src=\"https:\/\/www.gnews.cz\/wp-content\/uploads\/2025\/06\/Screenshot_20250625_075049-1024x638.jpg\" alt=\"\" class=\"wp-image-29982\" \/><\/figure>\n\n\n\n<figure class=\"wp-block-image size-large\"><img decoding=\"async\" src=\"https:\/\/www.gnews.cz\/wp-content\/uploads\/2025\/06\/Screenshot_20250625_075023-1024x434.jpg\" alt=\"\" class=\"wp-image-29983\" \/><\/figure>\n\n\n\n<figure class=\"wp-block-image size-large\"><img decoding=\"async\" src=\"https:\/\/www.gnews.cz\/wp-content\/uploads\/2025\/06\/Screenshot_20250625_075120-1024x788.jpg\" alt=\"\" class=\"wp-image-29984\" \/><\/figure>\n\n\n\n<p>tradingeconomics.com<\/p>\n\n\n\n<p><strong>gnews.cz &#8211; GH<\/strong><\/p>\n","protected":false},"excerpt":{"rendered":"<p>\u041e\u0431\u0437\u043e\u0440 \u043f\u043e\u0441\u043b\u0435\u0434\u043d\u0438\u0445 \u044d\u043a\u043e\u043d\u043e\u043c\u0438\u0447\u0435\u0441\u043a\u0438\u0445 \u0441\u043e\u0431\u044b\u0442\u0438\u0439 \u0432 \u0427\u0435\u0448\u0441\u043a\u043e\u0439 \u0420\u0435\u0441\u043f\u0443\u0431\u043b\u0438\u043a\u0435 \u0421\u0442\u0440\u043e\u0438\u0442\u0435\u043b\u044c\u043d\u044b\u0439 \u0441\u0435\u043a\u0442\u043e\u0440 \u0427\u0435\u0448\u0441\u043a\u043e\u0439 \u0420\u0435\u0441\u043f\u0443\u0431\u043b\u0438\u043a\u0438 \u0438\u043c\u0435\u0435\u0442 \u043e\u043f\u0442\u0438\u043c\u0438\u0441\u0442\u0438\u0447\u043d\u044b\u0439 \u043f\u0440\u043e\u0433\u043d\u043e\u0437. \u0421\u043e\u0433\u043b\u0430\u0441\u043d\u043e \u043d\u043e\u0432\u043e\u043c\u0443 \u0430\u043d\u0430\u043b\u0438\u0437\u0443 \u043a\u043e\u043c\u043f\u0430\u043d\u0438\u0438 CEEC Research, \u043f\u0440\u0435\u0434\u0441\u0442\u0430\u0432\u043b\u0435\u043d\u043d\u043e\u043c\u0443 \u043d\u0430...<\/p>","protected":false},"author":2,"featured_media":29985,"comment_status":"closed","ping_status":"closed","sticky":false,"template":"","format":"standard","meta":{"_acf_changed":false,"_lmt_disableupdate":"","_lmt_disable":"","footnotes":""},"categories":[2968,4,658,1,2973],"tags":[1962,746,3720,45,311,3794,27,46,78,10,17,41],"class_list":["post-29979","post","type-post","status-publish","format-standard","has-post-thumbnail","hentry","category-domaci","category-ekonomika","category-prectete-si","category-tema","category-zahranicni","tag-amazon","tag-ceec-research","tag-ceps","tag-cr","tag-cnb","tag-denni-shrnuti-ekonomiky","tag-ekonomika","tag-eu","tag-evropa","tag-news","tag-top","tag-world"],"acf":[],"aioseo_notices":[],"_links":{"self":[{"href":"https:\/\/gnews.cz\/ru\/wp-json\/wp\/v2\/posts\/29979","targetHints":{"allow":["GET"]}}],"collection":[{"href":"https:\/\/gnews.cz\/ru\/wp-json\/wp\/v2\/posts"}],"about":[{"href":"https:\/\/gnews.cz\/ru\/wp-json\/wp\/v2\/types\/post"}],"author":[{"embeddable":true,"href":"https:\/\/gnews.cz\/ru\/wp-json\/wp\/v2\/users\/2"}],"replies":[{"embeddable":true,"href":"https:\/\/gnews.cz\/ru\/wp-json\/wp\/v2\/comments?post=29979"}],"version-history":[{"count":0,"href":"https:\/\/gnews.cz\/ru\/wp-json\/wp\/v2\/posts\/29979\/revisions"}],"wp:featuredmedia":[{"embeddable":true,"href":"https:\/\/gnews.cz\/ru\/wp-json\/wp\/v2\/media\/29985"}],"wp:attachment":[{"href":"https:\/\/gnews.cz\/ru\/wp-json\/wp\/v2\/media?parent=29979"}],"wp:term":[{"taxonomy":"category","embeddable":true,"href":"https:\/\/gnews.cz\/ru\/wp-json\/wp\/v2\/categories?post=29979"},{"taxonomy":"post_tag","embeddable":true,"href":"https:\/\/gnews.cz\/ru\/wp-json\/wp\/v2\/tags?post=29979"}],"curies":[{"name":"wp","href":"https:\/\/api.w.org\/{rel}","templated":true}]}}