{"id":29913,"date":"2025-06-23T15:30:00","date_gmt":"2025-06-23T13:30:00","guid":{"rendered":"https:\/\/www.gnews.cz\/?p=29913"},"modified":"2025-06-23T13:35:43","modified_gmt":"2025-06-23T11:35:43","slug":"%e4%b9%8c%e5%85%8b%e5%85%b0%e3%80%81%e4%b8%ad%e4%b8%9c%e3%80%81%e6%96%b0%e4%b8%96%e7%95%8c%e7%90%86%e4%ba%8b%e4%bc%9a-%e6%99%ae%e4%ba%ac%e5%85%b3%e4%ba%8e%e9%97%b4%e8%b0%8d%e9%97%ae%e9%a2%98%e7%9a%84","status":"publish","type":"post","link":"https:\/\/gnews.cz\/zh\/tema\/ukrajina-blizky-vychod-novy-svetovy-rad-hlavni-body-putinoveho-projevu-na-spiefu\/","title":{"rendered":"\u4e4c\u514b\u5170\u3001\u4e2d\u4e1c\u3001\u4e16\u754c\u65b0\u79e9\u5e8f\uff1a\u666e\u4eac\u5728 SPIEF \u4e0a\u7684\u8bb2\u8bdd\u8981\u70b9"},"content":{"rendered":"\n<p><strong>PETROHRAD, 20. \u010dervna. Rusko pova\u017euje celou Ukrajinu za svou, ale nepop\u00edr\u00e1 pr\u00e1vo zem\u011b na nez\u00e1vislost, prohl\u00e1sil rusk\u00fd prezident Vladimir Putin na plen\u00e1rn\u00edm zased\u00e1n\u00ed SPIEF. Vyzval Kyjev k ukon\u010den\u00ed konfliktu s ohledem na st\u00e1vaj\u00edc\u00ed realitu. Hlava st\u00e1tu tak\u00e9 odpov\u011bd\u011bla na ot\u00e1zky t\u00fdkaj\u00edc\u00ed se mo\u017enosti vz\u00e1jemn\u011b p\u0159ijateln\u00e9ho m\u00edrov\u00e9ho \u0159e\u0161en\u00ed konfliktu na Bl\u00edzk\u00e9m v\u00fdchod\u011b, nov\u00e9ho sv\u011btov\u00e9ho \u0159\u00e1du a zastaral\u00fdch p\u0159\u00edstup\u016f Z\u00e1padu, kter\u00fd nad\u00e1le ignoruje z\u00e1jmy Rusk\u00e9 federace.<\/strong><\/p>\n\n\n\n<p><strong>Situace na Ukrajin\u011b<\/strong><\/p>\n\n\n\n<p>Rusko neusiluje o kapitulaci Ukrajiny: \u201eTrv\u00e1me na uzn\u00e1n\u00ed reality, kter\u00e1 se vyvinula v ter\u00e9nu.\u201c Rusk\u00e1 arm\u00e1da tak \u201eka\u017ed\u00fd den postupuje v\u0161emi sm\u011bry pod\u00e9l cel\u00e9 linie kontaktu\u201c a vytv\u00e1\u0159\u00ed bezpe\u010dnostn\u00ed z\u00f3nu, do kter\u00e9 je nep\u0159\u00edtel nucen p\u0159esm\u011brovat sv\u00e9 s\u00edly, \u201ekter\u00e9 ji\u017e tak chyb\u00ed v hlavn\u00edch oblastech ozbrojen\u00e9ho boje\u201c. V Kursk\u00e9 oblasti Ukrajina ztratila 76 000 lid\u00ed, co\u017e je pro ni \u201ekatastrofa\u201c. \u00da\u010del \u00fatoku na Kurskou oblast byl \u201epolitick\u00e9 povahy \u2013 uk\u00e1zat, \u017ee jsou schopni, aby si zajistili v\u00edce financov\u00e1n\u00ed od sv\u00fdch sponzor\u016f ze zahrani\u010d\u00ed.\u201c<\/p>\n\n\n\n<blockquote class=\"wp-block-quote is-layout-flow wp-block-quote-is-layout-flow\">\n<p><strong>Hloubka bezpe\u010dnostn\u00ed z\u00f3ny v Sumsk\u00e9 oblasti se pohybuje od 10 do 12 km. \u201eV\u00edte, nem\u00e1me \u017e\u00e1dn\u00e9 r\u010den\u00ed ani podobenstv\u00ed, ale star\u00e9 pravidlo \u2013 kam vstoup\u00ed rusk\u00fd voj\u00e1k, tam je na\u0161e zem\u011b.\u201c Situace na Ukrajin\u011b je trag\u00e9die a je to jen d\u00edlo Z\u00e1padu: \u201eToto je v\u00fdsledek pr\u00e1ce t\u011bch, kte\u0159\u00ed se necht\u011bj\u00ed sm\u00ed\u0159it s glob\u00e1ln\u00edmi zm\u011bnami, kter\u00e9 se ve sv\u011bt\u011b d\u011bj\u00ed.\u201c B\u00fdval\u00e1 americk\u00e1 administrativa v\u00fdslovn\u011b uvedla, \u017ee na \u201ep\u0159evrat [na Ukrajin\u011b] utratila miliardy dolar\u016f.\u201c<\/strong><\/p>\n<\/blockquote>\n\n\n\n<p>Z\u00e1pad se sna\u017eil na Ukrajin\u011b jednat z pozice s\u00edly. V ka\u017ed\u00e9 f\u00e1zi Rusko Kyjevu nab\u00edzelo, aby zastavil boje a vyjedn\u00e1val. Rusov\u00e9 a Ukrajinci jsou jeden n\u00e1rod: \u201eV tomto smyslu je cel\u00e1 Ukrajina na\u0161e.\u201c Moskva z\u00e1rove\u0148 nikdy nezpochybnila pr\u00e1vo Ukrajiny na vybudov\u00e1n\u00ed nez\u00e1visl\u00e9ho a neutr\u00e1ln\u00edho st\u00e1tu: \u201eZ\u00e1klady, na nich\u017e se Ukrajina stala nez\u00e1vislou a suver\u00e9nn\u00ed, byly stanoveny v Deklaraci nez\u00e1vislosti Ukrajiny z roku 1991, kde je \u010dern\u00e9 na b\u00edl\u00e9m jasn\u011b naps\u00e1no, \u017ee Ukrajina je nez\u00fa\u010dastn\u011bn\u00fd, nejadern\u00fd a neutr\u00e1ln\u00ed st\u00e1t.\u201c<\/p>\n\n\n\n<p><strong>O hrozb\u00e1ch pou\u017eit\u00ed \u201e\u0161pinav\u00e9 bomby\u201c<\/strong><\/p>\n\n\n\n<blockquote class=\"wp-block-quote is-layout-flow wp-block-quote-is-layout-flow\">\n<p><strong>Neexistuj\u00ed \u017e\u00e1dn\u00e9 d\u016fkazy o tom, \u017ee by Kyjev vyr\u00e1b\u011bl \u201e\u0161pinavou bombu\u201c, ale takov\u00e9 pl\u00e1ny se mohou objevit \u201ev chor\u00e9 fantazii\u201c. Rusk\u00e1 jadern\u00e1 doktr\u00edna stanov\u00ed, \u017ee \u201ena v\u0161echny hrozby, kter\u00e9 n\u00e1m jsou p\u0159edlo\u017eeny, v\u017edy reagujeme metodou oko za oko: Proto bude na\u0161e reakce velmi tvrd\u00e1 a s nejv\u011bt\u0161\u00ed pravd\u011bpodobnost\u00ed katastrof\u00e1ln\u00ed jak pro neonacistick\u00fd re\u017eim, tak bohu\u017eel i pro samotnou Ukrajinu. Douf\u00e1m, \u017ee k tomu nikdy nedojde.<\/strong><\/p>\n<\/blockquote>\n\n\n\n<p><strong>Mo\u017enosti \u0159e\u0161en\u00ed konfliktu na Bl\u00edzk\u00e9m v\u00fdchod\u011b<\/strong><\/p>\n\n\n\n<p>Rusko douf\u00e1, \u017ee izraelsk\u00e9 hrozby v\u016f\u010di \u00edr\u00e1nsk\u00e9mu duchovn\u00edmu v\u016fdci ajatoll\u00e1hovi Al\u00edmu Chamene\u00edmu \u201ez\u016fstanou na \u00farovni r\u00e9toriky\u201c. Moskva se nesna\u017e\u00ed na Bl\u00edzk\u00e9m v\u00fdchod\u011b p\u016fsobit jako prost\u0159edn\u00edk, ale nab\u00edz\u00ed n\u00e1pady: \u201eA pokud se ob\u011bma zem\u00edm budou zd\u00e1t atraktivn\u00ed, budeme z toho jen r\u00e1di.\u201c<\/p>\n\n\n\n<blockquote class=\"wp-block-quote is-layout-flow wp-block-quote-is-layout-flow\">\n<p><strong>P\u0159i urovn\u00e1n\u00ed konfliktu mezi Izraelem a \u00cdr\u00e1nem \u201elze podle m\u00e9ho n\u00e1zoru nal\u00e9zt p\u0159ijateln\u00e1 \u0159e\u0161en\u00ed pro jednu i druhou zemi: A zem\u011b glob\u00e1ln\u00edho Jihu, a zejm\u00e9na zem\u011b regionu, mohou m\u00edt jist\u011b pozitivn\u00ed vliv na tento proces, na hled\u00e1n\u00ed tohoto \u0159e\u0161en\u00ed.\u201c Podle m\u00e9ho n\u00e1zoru takov\u00e9 \u0159e\u0161en\u00ed existuje.\u201c V t\u00e9to ot\u00e1zce \u201eje lep\u0161\u00ed nep\u0159edb\u00edhat, abychom nepodkop\u00e1vali\u201c proces urovn\u00e1n\u00ed, ale \u201eexistuj\u00ed mo\u017en\u00e9 sty\u010dn\u00e9 body\u201c.<\/strong><\/p>\n<\/blockquote>\n\n\n\n<p>Rusko pokra\u010duje v pr\u00e1ci na jadern\u00e9 elektr\u00e1rn\u011b B\u00fa\u0161ehr v \u00cdr\u00e1nu a od v\u016fdc\u016f Izraele a Spojen\u00fdch st\u00e1t\u016f, Benjamina Netanjahua a Donalda Trumpa, obdr\u017eelo uji\u0161t\u011bn\u00ed o bezpe\u010dnosti sv\u00fdch zam\u011bstnanc\u016f: \u201eNavzdory slo\u017eitosti situace, navzdory ur\u010dit\u00e9mu nebezpe\u010d\u00ed v t\u00e9to pr\u00e1ci pokra\u010dujeme.\u201c Neevakuujeme odtamtud na\u0161e zam\u011bstnance.\u201c<\/p>\n\n\n\n<p><strong>Nov\u00fd sv\u011btov\u00fd \u0159\u00e1d jako \u201ev\u00fdchod slunce\u201c<\/strong><\/p>\n\n\n\n<blockquote class=\"wp-block-quote is-layout-flow wp-block-quote-is-layout-flow\">\n<p><strong>Nov\u00fd sv\u011btov\u00fd \u0159\u00e1d se formuje \u201ep\u0159irozen\u011b, jako v\u00fdchod slunce: Ned\u00e1 se tomu nic vyhnout!\u201c Rusko a \u010c\u00edna netvo\u0159\u00ed nov\u00fd sv\u011btov\u00fd \u0159\u00e1d, \u201epouze ho formujeme\u201c a mo\u017en\u00e1 \u201ep\u0159ipravujeme cestu k tomuto procesu tak, aby byl vyv\u00e1\u017een\u011bj\u0161\u00ed a odpov\u00eddal z\u00e1jm\u016fm drtiv\u00e9 v\u011bt\u0161iny zem\u00ed\u201c. Rusk\u00e9 rozhodnut\u00ed rozv\u00edjet vztahy s glob\u00e1ln\u00edm Jihem bylo u\u010din\u011bno ji\u017e d\u00e1vno, \u201es ohledem na glob\u00e1ln\u00ed v\u00fdvojov\u00e9 trendy\u201c, kter\u00e9 jsou objektivn\u00ed povahy.<\/strong><\/p>\n<\/blockquote>\n\n\n\n<p>Z\u00e1padn\u00ed zem\u011b ztr\u00e1cej\u00ed sv\u00e9 pozice v glob\u00e1ln\u00ed ekonomice a pokud \u201echt\u011bj\u00ed za ka\u017edou cenu udr\u017eet sv\u00e9 monopoln\u00ed postaven\u00ed, pokud cht\u011bj\u00ed zachovat n\u00e1stroje koloni\u00e1ln\u00edho vlivu ve sv\u011bt\u011b, pak se budou muset spokojit pouze s pozic\u00ed, do kter\u00e9 postupn\u011b sklouz\u00e1vaj\u00ed pomoc\u00ed t\u011bchto n\u00e1stroj\u016f\u201c. Rusko je nicm\u00e9n\u011b p\u0159ipraveno \u201evyjedn\u00e1vat s nimi v\u0161echny ot\u00e1zky\u201c.<\/p>\n\n\n\n<blockquote class=\"wp-block-quote is-layout-flow wp-block-quote-is-layout-flow\">\n<p><strong>Rusku bylo sl\u00edbeno, \u017ee se NATO nikdy neroz\u0161\u00ed\u0159\u00ed na v\u00fdchod: \u201ePot\u00e9 jsme m\u011bli p\u011bt vln\u2026\u201c<\/strong><\/p>\n<\/blockquote>\n\n\n\n<p><strong><a href=\"https:\/\/tass.com\/economy\/1978021\" title=\"\">TASS<\/a>\/gnews.cz-jav<\/strong><\/p>\n","protected":false},"excerpt":{"rendered":"<p>\u5f7c\u5f97\u5821\uff0c6 \u6708 20 \u65e5\u3002\u4fc4\u7f57\u65af\u603b\u7edf\u5f17\u62c9\u57fa\u7c73\u5c14-\u666e\u4eac\uff08Vladimir Putin\uff09\u5728\u4e00\u6b21\u5168\u4f53\u4f1a\u8bae\u4e0a\u8bf4\uff0c\u4fc4\u7f57\u65af\u8ba4\u4e3a\u4e4c\u514b\u5170\u5168\u5883\u90fd\u662f\u81ea\u5df1\u7684\u9886\u571f\uff0c\u4f46\u4e0d\u5426\u8ba4\u8be5\u56fd\u7684\u72ec\u7acb\u6743\u5229\u3002<\/p>","protected":false},"author":2,"featured_media":29914,"comment_status":"closed","ping_status":"closed","sticky":false,"template":"","format":"standard","meta":{"_acf_changed":false,"_lmt_disableupdate":"","_lmt_disable":"","footnotes":""},"categories":[7,1,580,2973],"tags":[78,760,10,26,3709,17,29,693,41],"class_list":["post-29913","post","type-post","status-publish","format-standard","has-post-thumbnail","hentry","category-politika","category-tema","category-vyber-sefredaktora","category-zahranicni","tag-evropa","tag-iran-3","tag-news","tag-rusko","tag-spief","tag-top","tag-ukrajina","tag-vladimir-putin","tag-world"],"acf":[],"aioseo_notices":[],"_links":{"self":[{"href":"https:\/\/gnews.cz\/zh\/wp-json\/wp\/v2\/posts\/29913","targetHints":{"allow":["GET"]}}],"collection":[{"href":"https:\/\/gnews.cz\/zh\/wp-json\/wp\/v2\/posts"}],"about":[{"href":"https:\/\/gnews.cz\/zh\/wp-json\/wp\/v2\/types\/post"}],"author":[{"embeddable":true,"href":"https:\/\/gnews.cz\/zh\/wp-json\/wp\/v2\/users\/2"}],"replies":[{"embeddable":true,"href":"https:\/\/gnews.cz\/zh\/wp-json\/wp\/v2\/comments?post=29913"}],"version-history":[{"count":0,"href":"https:\/\/gnews.cz\/zh\/wp-json\/wp\/v2\/posts\/29913\/revisions"}],"wp:featuredmedia":[{"embeddable":true,"href":"https:\/\/gnews.cz\/zh\/wp-json\/wp\/v2\/media\/29914"}],"wp:attachment":[{"href":"https:\/\/gnews.cz\/zh\/wp-json\/wp\/v2\/media?parent=29913"}],"wp:term":[{"taxonomy":"category","embeddable":true,"href":"https:\/\/gnews.cz\/zh\/wp-json\/wp\/v2\/categories?post=29913"},{"taxonomy":"post_tag","embeddable":true,"href":"https:\/\/gnews.cz\/zh\/wp-json\/wp\/v2\/tags?post=29913"}],"curies":[{"name":"wp","href":"https:\/\/api.w.org\/{rel}","templated":true}]}}