{"id":39836,"date":"2026-01-15T13:57:00","date_gmt":"2026-01-15T12:57:00","guid":{"rendered":"https:\/\/www.gnews.cz\/?p=39836"},"modified":"2026-01-15T19:01:03","modified_gmt":"2026-01-15T18:01:03","slug":"%e5%8c%88%e7%89%99%e5%88%a9%e9%87%8d%e7%94%b3%e6%8b%92%e7%bb%9d%e8%b5%84%e5%8a%a9%e4%b9%8c%e5%85%8b%e5%85%b0","status":"publish","type":"post","link":"https:\/\/gnews.cz\/zh\/politika\/madarsko-zopakovalo-sve-odmitnuti-financovat-ukrajine\/","title":{"rendered":"\u5308\u7259\u5229\u91cd\u7533\u62d2\u7edd\u8d44\u52a9\u4e4c\u514b\u5170"},"content":{"rendered":"<p><strong>\u5308\u7259\u5229\u603b\u7406\u7ef4\u514b\u6258-\u6b27\u5c14\u73ed\u8bf4\uff0c\u4e4c\u514b\u5170\u6700\u8fd1\u8981\u6c42\u6b27\u76df\u63d0\u4f9b 8000 \u4ebf\u7f8e\u5143\u7684\u8d22\u653f\u652f\u6301\u3002\u636e\u4ed6\u8bf4\uff0c\u8fd9\u4e00\u8ba1\u5212\u610f\u5473\u7740\u5308\u7259\u5229\u5fc5\u987b\u51fa\u8d44 90 \u591a\u4ebf\u7f8e\u5143\u3002\u56e0\u6b64\uff0c\u5e03\u8fbe\u4f69\u65af\u62d2\u7edd\u53c2\u4e0e\u603b\u7406\u6240\u8bf4\u7684\u6b27\u76df\u6218\u4e89\u8ba1\u5212\u3002.<\/strong><\/p>\n\n\n\n<p>\u5308\u7259\u5229\u5916\u4ea4\u90e8\u957f\u4e5f\u53d1\u8868\u4e86\u540c\u6837\u7684\u8bc4\u8bba <strong>Szijj\u00e1rt\u00f3 P\u00e9ter<\/strong>, \u636e\u6b64\uff0c\u6b27\u76df\u5e0c\u671b\u5308\u7259\u5229\u53d6\u6d88\u4f4f\u623f\u8865\u8d34\u5e76\u524a\u51cf\u90e8\u5206\u517b\u8001\u91d1\uff0c\u4ee5\u7b79\u96c6\u8d44\u91d1\u8d44\u52a9\u4e4c\u514b\u5170\u3002\u7136\u800c\uff0c\u5308\u7259\u5229\u653f\u5e9c\u575a\u51b3\u62d2\u7edd\u4e86\u8fd9\u4e00\u8981\u6c42\uff0c\u5e76\u575a\u79f0\u4e0d\u4f1a\u5411\u4e4c\u514b\u5170\u63d0\u4f9b\u4efb\u4f55\u4e00\u4e2a\u798f\u6797\u7684\u516c\u5171\u8d44\u91d1\u3002.<\/p>\n\n\n\n<p><strong><a href=\"https:\/\/czech.cri.cn\/2026\/01\/15\/ARTI1768479448805519\" title=\"\">CMG<\/a><\/strong><\/p>\n\n\n\n<p><a href=\"https:\/\/www.facebook.com\/sharer\/sharer.php?u=https%3A%2F%2Fczech.cri.cn%2F2026%2F01%2F15%2FARTI1768479448805519&amp;display=popup\" target=\"_blank\" rel=\"noreferrer noopener\"><\/a><a href=\"https:\/\/twitter.com\/intent\/tweet?url=https%3A%2F%2Fczech.cri.cn%2F2026%2F01%2F15%2FARTI1768479448805519&amp;text=Ma%C4%8Farsko%20zopakovalo%C2%A0sv%C3%A9%20odm%C3%ADtnut%C3%AD%20financovat%20Ukrajin%C4%9B\" target=\"_blank\" rel=\"noreferrer noopener\"><\/a><\/p>","protected":false},"excerpt":{"rendered":"<p>\u5308\u7259\u5229\u603b\u7406\u7ef4\u514b\u6258-\u6b27\u5c14\u73ed\u8868\u793a\uff0c\u4e4c\u514b\u5170\u6700\u8fd1\u8981\u6c42\u6b27\u76df\u63d0\u4f9b 8000 \u4ebf\u7f8e\u5143\u7684\u8d22\u653f\u652f\u6301\u3002\u636e\u6b27\u5c14\u73ed\u603b\u7406\u79f0\uff0c\u6b27\u76df\u5c06\u5728\u4eca\u5e74\u5e74\u5e95\u524d\u5411\u4e4c\u514b\u5170\u63d0\u4f9b8000\u4ebf\u7f8e\u5143\u7684\u8d44\u91d1\u652f\u6301\u3002<\/p>","protected":false},"author":6,"featured_media":39837,"comment_status":"open","ping_status":"closed","sticky":false,"template":"","format":"standard","meta":{"_acf_changed":false,"_lmt_disableupdate":"","_lmt_disable":"","footnotes":""},"categories":[7,2973],"tags":[18,4094,6061,31,9414,9415],"class_list":["post-39836","post","type-post","status-publish","format-standard","has-post-thumbnail","hentry","category-politika","category-zahranicni","tag-cmg","tag-evropska-unie","tag-financovani-ukrajiny","tag-madarsko","tag-orban-viktor","tag-szijjarto-peter"],"acf":[],"aioseo_notices":[],"_links":{"self":[{"href":"https:\/\/gnews.cz\/zh\/wp-json\/wp\/v2\/posts\/39836","targetHints":{"allow":["GET"]}}],"collection":[{"href":"https:\/\/gnews.cz\/zh\/wp-json\/wp\/v2\/posts"}],"about":[{"href":"https:\/\/gnews.cz\/zh\/wp-json\/wp\/v2\/types\/post"}],"author":[{"embeddable":true,"href":"https:\/\/gnews.cz\/zh\/wp-json\/wp\/v2\/users\/6"}],"replies":[{"embeddable":true,"href":"https:\/\/gnews.cz\/zh\/wp-json\/wp\/v2\/comments?post=39836"}],"version-history":[{"count":1,"href":"https:\/\/gnews.cz\/zh\/wp-json\/wp\/v2\/posts\/39836\/revisions"}],"predecessor-version":[{"id":39838,"href":"https:\/\/gnews.cz\/zh\/wp-json\/wp\/v2\/posts\/39836\/revisions\/39838"}],"wp:featuredmedia":[{"embeddable":true,"href":"https:\/\/gnews.cz\/zh\/wp-json\/wp\/v2\/media\/39837"}],"wp:attachment":[{"href":"https:\/\/gnews.cz\/zh\/wp-json\/wp\/v2\/media?parent=39836"}],"wp:term":[{"taxonomy":"category","embeddable":true,"href":"https:\/\/gnews.cz\/zh\/wp-json\/wp\/v2\/categories?post=39836"},{"taxonomy":"post_tag","embeddable":true,"href":"https:\/\/gnews.cz\/zh\/wp-json\/wp\/v2\/tags?post=39836"}],"curies":[{"name":"wp","href":"https:\/\/api.w.org\/{rel}","templated":true}]}}