{"id":42732,"date":"2026-03-22T21:30:00","date_gmt":"2026-03-22T20:30:00","guid":{"rendered":"https:\/\/gnews.cz\/?p=42732"},"modified":"2026-03-22T23:18:56","modified_gmt":"2026-03-22T22:18:56","slug":"nektere-zeme-nato-pracuji-na-opatrenich-k-zajisteni-bezpecnosti-v-hormuzskem-prulivu-oznamil-sef-nato-rutte","status":"publish","type":"post","link":"https:\/\/gnews.cz\/zh\/tema\/nektere-zeme-nato-pracuji-na-opatrenich-k-zajisteni-bezpecnosti-v-hormuzskem-prulivu-oznamil-sef-nato-rutte\/","title":{"rendered":"\u5317\u7ea6\u9996\u8111\u5415\u7279\u5ba3\u5e03\uff0c\u4e00\u4e9b\u5317\u7ea6\u56fd\u5bb6\u6b63\u5728\u5236\u5b9a\u786e\u4fdd\u970d\u5c14\u6728\u5179\u6d77\u5ce1\u5b89\u5168\u7684\u63aa\u65bd"},"content":{"rendered":"\n<p><strong>NEW YORK, 22. b\u0159ezna. N\u011bkter\u00e9 \u010dlensk\u00e9 zem\u011b NATO pracuj\u00ed na opat\u0159en\u00edch k zaji\u0161t\u011bn\u00ed bezpe\u010dn\u00e9ho pr\u016fjezdu Hormuzsk\u00fdm pr\u016flivem, uvedl gener\u00e1ln\u00ed tajemn\u00edk NATO Mark Rutte.<\/strong><\/p>\n\n\n\n<blockquote class=\"wp-block-quote is-layout-flow wp-block-quote-is-layout-flow\">\n<p><strong>\u201eV\u00edm, \u017ee prezident [USA] byl na\u0161tvan\u00fd, proto\u017ee m\u00e1 pocit, \u017ee evrop\u0161t\u00ed a dal\u0161\u00ed spojenci byli p\u0159\u00edli\u0161 pomal\u00ed. Dobrou zpr\u00e1vou je, \u017ee od \u010dtvrtka se skupina 22 zem\u00ed, v\u011bt\u0161ina z nich z NATO, ale tak\u00e9 Japonsko, Korea, Austr\u00e1lie, Nov\u00fd Z\u00e9land, Spojen\u00e9 arabsk\u00e9 emir\u00e1ty a Bahrajn, sdru\u017euje, aby realizovala jeho vizi o zaji\u0161t\u011bn\u00ed toho, aby byl Hormuzsk\u00fd pr\u016fliv op\u011bt voln\u00fd, jakmile to bude mo\u017en\u00e9. Tak\u017ee nyn\u00ed pl\u00e1nujeme,\u201c \u0159ekl v rozhovoru pro Fox News.<\/strong><\/p>\n<\/blockquote>\n\n\n\n<p>Uvedl tak\u00e9, \u017ee udr\u017euje kontakty s americk\u00fdm v\u016fdcem Donaldem Trumpem, a to i p\u0159es jeho kritiku NATO. \u201eTento t\u00fdden jsme spolu n\u011bkolikr\u00e1t mluvili,\u201c poznamenal.<\/p>\n\n\n\n<blockquote class=\"wp-block-quote is-layout-flow wp-block-quote-is-layout-flow\">\n<p><strong>Rutte 2. b\u0159ezna prohl\u00e1sil, \u017ee NATO se nepl\u00e1nuje \u00fa\u010dastnit vojensk\u00e9 operace Spojen\u00fdch st\u00e1t\u016f a Izraele proti \u00cdr\u00e1nu. V p\u00e1tek americk\u00fd prezident prohl\u00e1sil, \u017ee NATO USA nepom\u00e1h\u00e1 se znovuotev\u0159en\u00edm Hormuzsk\u00e9ho pr\u016flivu, proto\u017ee organizace je \u201eslab\u00e1\u201c a \u201ev\u011bd\u00ed, \u017ee to za n\u011b ud\u011bl\u00e1me\u201c.<\/strong><\/p>\n<\/blockquote>\n\n\n\n<p><strong><a href=\"https:\/\/tass.com\/world\/2105377\" title=\"\">TASS<\/a>\/gnews.cz-jav<\/strong><\/p>\n\n\n\n<p><\/p>\n","protected":false},"excerpt":{"rendered":"<p>\u7ebd\u7ea6\uff0c3\u670822\u65e5\u3002\u5317\u7ea6\u79d8\u4e66\u957f\u9a6c\u514b...<\/p>","protected":false},"author":10,"featured_media":42733,"comment_status":"open","ping_status":"closed","sticky":false,"template":"","format":"standard","meta":{"_acf_changed":false,"_lmt_disableupdate":"","_lmt_disable":"","footnotes":""},"categories":[7,658,1,2973],"tags":[3526,496,3710,760,824,56,920,10,44,17,38,41],"class_list":["post-42732","post","type-post","status-publish","format-standard","has-post-thumbnail","hentry","category-politika","category-prectete-si","category-tema","category-zahranicni","tag-bahrajn","tag-donald-trump","tag-hormuzsky-pruliv","tag-iran-3","tag-mark-rutte","tag-nato","tag-new-york","tag-news","tag-politika","tag-top","tag-usa","tag-world"],"acf":[],"aioseo_notices":[],"_links":{"self":[{"href":"https:\/\/gnews.cz\/zh\/wp-json\/wp\/v2\/posts\/42732","targetHints":{"allow":["GET"]}}],"collection":[{"href":"https:\/\/gnews.cz\/zh\/wp-json\/wp\/v2\/posts"}],"about":[{"href":"https:\/\/gnews.cz\/zh\/wp-json\/wp\/v2\/types\/post"}],"author":[{"embeddable":true,"href":"https:\/\/gnews.cz\/zh\/wp-json\/wp\/v2\/users\/10"}],"replies":[{"embeddable":true,"href":"https:\/\/gnews.cz\/zh\/wp-json\/wp\/v2\/comments?post=42732"}],"version-history":[{"count":2,"href":"https:\/\/gnews.cz\/zh\/wp-json\/wp\/v2\/posts\/42732\/revisions"}],"predecessor-version":[{"id":42739,"href":"https:\/\/gnews.cz\/zh\/wp-json\/wp\/v2\/posts\/42732\/revisions\/42739"}],"wp:featuredmedia":[{"embeddable":true,"href":"https:\/\/gnews.cz\/zh\/wp-json\/wp\/v2\/media\/42733"}],"wp:attachment":[{"href":"https:\/\/gnews.cz\/zh\/wp-json\/wp\/v2\/media?parent=42732"}],"wp:term":[{"taxonomy":"category","embeddable":true,"href":"https:\/\/gnews.cz\/zh\/wp-json\/wp\/v2\/categories?post=42732"},{"taxonomy":"post_tag","embeddable":true,"href":"https:\/\/gnews.cz\/zh\/wp-json\/wp\/v2\/tags?post=42732"}],"curies":[{"name":"wp","href":"https:\/\/api.w.org\/{rel}","templated":true}]}}