{"id":42923,"date":"2026-03-27T21:30:00","date_gmt":"2026-03-27T20:30:00","guid":{"rendered":"https:\/\/gnews.cz\/?p=42923"},"modified":"2026-04-01T06:24:34","modified_gmt":"2026-04-01T04:24:34","slug":"gnews-rozhovor-s-poslancem-janem-hrncirem-spd-dil-iv-o-fialove-politice-a-co-delat","status":"publish","type":"post","link":"https:\/\/gnews.cz\/zh\/tema\/gnews-rozhovor-s-poslancem-janem-hrncirem-spd-dil-iv-o-fialove-politice-a-co-delat\/","title":{"rendered":"GNEWS \u5bf9\u56fd\u4f1a\u8bae\u5458 Jan Hrn\u010d\u00ed\u0159\uff08\u793e\u6c11\u515a\uff09\u7684\u91c7\u8bbf\uff0c\u7b2c\u56db\u90e8\u5206\uff1a\u5173\u4e8e\u83f2\u4e9a\u5c14\u7684\u653f\u6cbb\u548c\u8be5\u600e\u4e48\u505a"},"content":{"rendered":"<p><strong>\u4e25\u5389\u7684\u6279\u8bc4\u9488\u5bf9\u7684\u662f\u5f7c\u5f97-\u83f2\u4e9a\u62c9\uff08Petr Fiala\uff09\u653f\u5e9c\u3002\u6765\u81ea\u81ea\u7531\u4e0e\u76f4\u63a5\u6c11\u4e3b\u515a\uff08SPD\uff09\u7684\u8bae\u5458\u626c-\u8d6b\u6069\u5951\u65e5\uff08Jan Hrn\u010d\u00ed\u0159\uff09\u5728\u91c7\u8bbf\u4e2d\u6beb\u4e0d\u7559\u60c5\u5730\u6307\u8d23\u5185\u9601\u672a\u80fd\u89e3\u51b3\u6377\u514b\u5bb6\u5ead\u548c\u5de5\u4e1a\u7684\u95ee\u9898\u3002\u5728\u91c7\u8bbf\u7684\u4e0b\u4e00\u90e8\u5206&nbsp;<a href=\"https:\/\/gnews.cz\/zh\/\">Gnews.cz<\/a>&nbsp;<\/strong><\/p>\n\n\n\n<figure class=\"wp-block-embed is-provider-youtube wp-block-embed-youtube\"><div class=\"wp-block-embed__wrapper\">\n<iframe title=\"Jan Hrn\u010d\u00ed\u0159\uff08\u793e\u6c11\u515a\uff09\u8c08\u83f2\u4e9a\u5c14\u7684\u653f\u6cbb\u548c\u5bf9\u7b56\" width=\"1170\" height=\"658\" src=\"https:\/\/www.youtube.com\/embed\/dzOq2nO4gDc?feature=oembed\" frameborder=\"0\" allow=\"accelerometer; autoplay; clipboard-write; encrypted-media; gyroscope; picture-in-picture; web-share\" referrerpolicy=\"strict-origin-when-cross-origin\" allowfullscreen><\/iframe>\n<\/div><\/figure>\n\n\n\n<p><em>\u60a8\u53ef\u4ee5\u6536\u542c\u6211\u4eec\u5bf9 Jan Hrn\u010d\u00ed\u0159 \u91c7\u8bbf\u7684\u7b2c\u4e09\u90e8\u5206<\/em>&nbsp;<strong><a href=\"https:\/\/youtu.be\/_H6TAGFwnDk\">\u8fd9\u91cc<\/a><\/strong><\/p>\n\n\n\n<blockquote class=\"wp-block-quote is-layout-flow wp-block-quote-is-layout-flow\">\n<p><strong>\u8d6b\u6069\u5947\u65e5\u8ba4\u4e3a\uff0c\u8fd9\u79cd\u60c5\u51b5\u5bf9\u9009\u4e3e\u7ed3\u679c\u4ea7\u751f\u4e86\u91cd\u5927\u5f71\u54cd\u3002\u201e\u4ed6\u8bf4\uff1a\u201c\u8bb8\u591a\u5bb6\u5ead\u4e27\u5931\u4e86\u62b5\u62bc\u54c1\u8d4e\u56de\u6743\uff0c\u6211\u4eec\u7ecf\u5386\u4e86\u6240\u8c13\u7684\u80fd\u6e90\u8d2b\u56f0\u3002\u4ed6\u8bf4\uff0c\u8fd9\u79cd\u73b0\u8c61\u4ee5\u524d\u5728\u6377\u514b\u5171\u548c\u56fd\u5e76\u4e0d\u4e3a\u4eba\u6240\u77e5\uff0c\u4f46\u8fd1\u5e74\u6765\u5df2\u6210\u4e3a\u6210\u5343\u4e0a\u4e07\u4e2a\u5bb6\u5ead\u7684\u73b0\u5b9e\u3002.<\/strong><\/p>\n<\/blockquote>\n\n\n\n<p>\u4ed6\u8fd8\u5bf9\u6b27\u76df\u548c \"\u7eff\u8272\u4ea4\u6613 \"\u653f\u7b56\u8bf4\u4e86\u72e0\u8bdd\u3002\u8d6b\u6069\u5947\u65e5\u8ba4\u4e3a\uff0c\u83f2\u4e9a\u5c14\u653f\u5e9c\u66f4\u5173\u6ce8\u5e03\u9c81\u585e\u5c14\u800c\u975e\u672c\u56fd\u516c\u6c11\uff0c\u5e76\u5927\u529b\u63a8\u52a8\u4e86\u73af\u5883\u6cd5\u89c4\u7684\u5b9e\u65bd\uff0c\u5728\u4ed6\u770b\u6765\uff0c\u8fd9\u4e9b\u6cd5\u89c4\u5bf9\u7ecf\u6d4e\u4ea7\u751f\u4e86\u8d1f\u9762\u5f71\u54cd\u3002\u867d\u7136\u653f\u5e9c\u6307\u51fa\u7ecf\u6d4e\u589e\u957f\u7ea6\u4e3a2.5 %\uff0c\u4f46\u8d6b\u6069\u9f50\u65e5\u6307\u51fa\uff0c\u4ed6\u8ba4\u4e3a\u8fd9\u4e3b\u8981\u662f\u7531\u4e8e\u5bb6\u5ead\u5728\u7ecf\u5386\u4e86\u4e00\u6bb5\u9ad8\u901a\u80c0\u671f\u540e\u89e3\u6563\u4e86\u50a8\u84c4\u3002\u4ed6\u8bf4\uff0c\u53e6\u4e00\u65b9\u9762\uff0c\u5173\u952e\u7684\u5236\u9020\u4e1a\u957f\u671f\u4ee5\u6765\u4e00\u76f4\u5904\u4e8e\u75b2\u8f6f\u72b6\u6001\u3002.<\/p>\n\n\n\n<blockquote class=\"wp-block-quote is-layout-flow wp-block-quote-is-layout-flow\">\n<p><strong>\u6b27\u6d32\u8bae\u4f1a\u8bae\u5458\u8ba4\u4e3a\uff0c\u76ee\u524d\u7684\u63aa\u65bd\u6b63\u671d\u7740\u76f8\u53cd\u7684\u65b9\u5411\u53d1\u5c55\u3002\u56fd\u5bb6\u5c06\u627f\u62c5\u652f\u6301\u592a\u9633\u80fd\u53d1\u7535\u5382\u7684\u90e8\u5206\u8d39\u7528\uff0c\u8fd9\u5c06\u51cf\u8f7b\u5bb6\u5ead\u548c\u516c\u53f8\u7684\u8d1f\u62c5\u3002\u201e\u4ed6\u8bf4\uff1a\u201c\u8fd9\u5927\u7ea6\u9700\u8981 170 \u4ebf\u6377\u514b\u514b\u6717\u3002.<\/strong><\/p>\n<\/blockquote>\n\n\n\n<p>\u8fd9\u4e2a\u8bdd\u9898\u4ecd\u7136\u5177\u6709\u7206\u70b8\u6027\uff1a\u7a76\u7adf\u8c01\u5e94\u8be5\u4e3a\u6377\u514b\u4eba\u6602\u8d35\u7684\u80fd\u6e90\u548c\u7ecf\u6d4e\u95ee\u9898\u8d1f\u8d23\uff1f<\/p>\n\n\n\n<p><em>\u60a8\u53ef\u4ee5\u89c2\u770b\u8bbf\u8c08\u7684\u4e0a\u4e00\u90e8\u5206<\/em>: <strong><em><a href=\"https:\/\/gnews.cz\/zh\/%e4%b8%bb%e9%a2%98\/gnews-rozhovor-s-poslancem-janem-hrncirem-spd-dil-iii-bez-ciny-pry-evropa-nezvladne-technologie-ani-elektromobily\/\" target=\"_blank\" rel=\"noopener\" title=\"\">\u8fd9\u91cc<\/a><\/em><\/strong>\u00a0<\/p>\n\n\n\n<p><strong>\u4e00\u822c\u65b0\u95fb<\/strong><\/p>","protected":false},"excerpt":{"rendered":"<p>\u4e25\u5389\u7684\u6279\u8bc4\u77db\u5934\u76f4\u6307\u5f7c\u5f97-\u83f2\u4e9a\u62c9\uff08Petr Fiala\uff09\u653f\u5e9c\u3002\u6765\u81ea\u81ea\u7531\u4e0e\u76f4\u63a5\u6c11\u4e3b\u515a\uff08SPD\uff09\u7684\u8bae\u5458\u626c-\u8d6b\u6069\u5951\u65e5\uff08Jan Hrn\u010d\u00ed\u0159\uff09\u5728\u63a5\u53d7\u91c7\u8bbf\u65f6\u6beb\u4e0d\u541d\u556c\u81ea\u5df1\u7684\u8a00\u8f9e\uff0c\u6307\u8d23...<\/p>","protected":false},"author":9,"featured_media":42785,"comment_status":"open","ping_status":"closed","sticky":false,"template":"","format":"standard","meta":{"_acf_changed":false,"_lmt_disableupdate":"","_lmt_disable":"","footnotes":""},"categories":[2968,7,658,2,1,580],"tags":[45,11838,11842,11839,46,78,11840,5420,3071,11732,10,9267,1314,11841,11755,17,6360,41],"class_list":["post-42923","post","type-post","status-publish","format-standard","has-post-thumbnail","hentry","category-domaci","category-politika","category-prectete-si","category-rozhovory","category-tema","category-vyber-sefredaktora","tag-cr","tag-ceske-rodiny","tag-drahe-energie","tag-energeticka-chudoba","tag-eu","tag-evropa","tag-fenomen","tag-general-news","tag-green-deal","tag-jan-hrncir","tag-news","tag-poslanec","tag-prumysl","tag-solarni-elektrarny","tag-svoboda-a-prima-demokracie-spd","tag-top","tag-vlada-petra-fialy","tag-world"],"acf":[],"aioseo_notices":[],"_links":{"self":[{"href":"https:\/\/gnews.cz\/zh\/wp-json\/wp\/v2\/posts\/42923","targetHints":{"allow":["GET"]}}],"collection":[{"href":"https:\/\/gnews.cz\/zh\/wp-json\/wp\/v2\/posts"}],"about":[{"href":"https:\/\/gnews.cz\/zh\/wp-json\/wp\/v2\/types\/post"}],"author":[{"embeddable":true,"href":"https:\/\/gnews.cz\/zh\/wp-json\/wp\/v2\/users\/9"}],"replies":[{"embeddable":true,"href":"https:\/\/gnews.cz\/zh\/wp-json\/wp\/v2\/comments?post=42923"}],"version-history":[{"count":3,"href":"https:\/\/gnews.cz\/zh\/wp-json\/wp\/v2\/posts\/42923\/revisions"}],"predecessor-version":[{"id":43282,"href":"https:\/\/gnews.cz\/zh\/wp-json\/wp\/v2\/posts\/42923\/revisions\/43282"}],"wp:featuredmedia":[{"embeddable":true,"href":"https:\/\/gnews.cz\/zh\/wp-json\/wp\/v2\/media\/42785"}],"wp:attachment":[{"href":"https:\/\/gnews.cz\/zh\/wp-json\/wp\/v2\/media?parent=42923"}],"wp:term":[{"taxonomy":"category","embeddable":true,"href":"https:\/\/gnews.cz\/zh\/wp-json\/wp\/v2\/categories?post=42923"},{"taxonomy":"post_tag","embeddable":true,"href":"https:\/\/gnews.cz\/zh\/wp-json\/wp\/v2\/tags?post=42923"}],"curies":[{"name":"wp","href":"https:\/\/api.w.org\/{rel}","templated":true}]}}