{"id":43007,"date":"2026-03-30T12:00:00","date_gmt":"2026-03-30T10:00:00","guid":{"rendered":"https:\/\/gnews.cz\/?p=43007"},"modified":"2026-03-31T05:26:20","modified_gmt":"2026-03-31T03:26:20","slug":"shrnuti-uplynuleho-13-tydne-na-general-news-23-brezna-29-brezna-2026","status":"publish","type":"post","link":"https:\/\/gnews.cz\/zh\/tema\/shrnuti-uplynuleho-13-tydne-na-general-news-23-brezna-29-brezna-2026\/","title":{"rendered":"\u8fc7\u53bb\u7b2c 13 \u5468\u7efc\u5408\u65b0\u95fb\u56de\u987e\uff082026 \u5e74 3 \u6708 23 \u65e5\u81f3 3 \u6708 29 \u65e5\uff09"},"content":{"rendered":"\n<h2 class=\"wp-block-heading\"><strong>23. b\u0159ezna 2026 <a href=\"https:\/\/gnews.cz\/cs_cz\/neprehlednete\/denni-shrnuti-ekonomiky-v-cr-ceny-pohonnych-hmot-mobilni-internet-adnoc-a-omv-unicredit-monte-dei-paschi-di-siena-a-iranska-ropa-23-brezna-2026\/\" target=\"_blank\" rel=\"noopener\" title=\"Denn\u00ed shrnut\u00ed ekonomiky v \u010cR: Ceny pohonn\u00fdch hmot, mobiln\u00ed internet, ADNOC a OMV, UniCredit, Monte dei Paschi di Siena a \u00edr\u00e1nsk\u00e1 ropa (23. b\u0159ezna 2026)\">Denn\u00ed shrnut\u00ed ekonomiky v \u010cR: Ceny pohonn\u00fdch hmot, mobiln\u00ed internet, ADNOC a OMV, UniCredit, Monte dei Paschi di Siena a \u00edr\u00e1nsk\u00e1 ropa (23. b\u0159ezna 2026)<\/a><\/strong><\/h2>\n\n\n\n<blockquote class=\"wp-block-quote is-layout-flow wp-block-quote-is-layout-flow\">\n<p>\u010cesk\u00e1 ekonomika v byla ovlivn\u011bna p\u0159edev\u0161\u00edm debatou o cen\u00e1ch pohonn\u00fdch hmot a pokra\u010duj\u00edc\u00ed digitalizac\u00ed spole\u010dnosti. P\u0159edseda poslaneck\u00e9ho klubu SPD\u00a0Radim Fiala\u00a0uvedl, \u017ee vl\u00e1da by p\u0159istoupila k \u0161ir\u0161\u00ed regulaci cen benzinu a nafty a\u017e ve chv\u00edli, kdy by se jejich cena pohybovala kolem 50 korun za litr. Mezi zva\u017eovan\u00fdmi n\u00e1stroji jsou \u00fapravy spot\u0159ebn\u00ed dan\u011b, DPH nebo vyu\u017eit\u00ed st\u00e1tn\u00edch rezerv. Tento postoj nazna\u010duje, \u017ee st\u00e1t zat\u00edm nepl\u00e1nuje okam\u017eit\u00fd z\u00e1sah do trhu, ale p\u0159ipou\u0161t\u00ed mo\u017enost reakce p\u0159i v\u00fdrazn\u00e9m r\u016fstu cen. <strong>V\u00edce <a href=\"https:\/\/gnews.cz\/cs_cz\/neprehlednete\/denni-shrnuti-ekonomiky-v-cr-ceny-pohonnych-hmot-mobilni-internet-adnoc-a-omv-unicredit-monte-dei-paschi-di-siena-a-iranska-ropa-23-brezna-2026\/\" target=\"_blank\" rel=\"noopener\" title=\"\">zde<\/a><\/strong><\/p>\n<\/blockquote>\n\n\n\n<h2 class=\"wp-block-heading\"><strong>23. b\u0159ezna 2026 <a href=\"https:\/\/gnews.cz\/cs_cz\/neprehlednete\/cesko-a-slovensko-prohlubuji-spolupraci-vlada-zaroven-chysta-desitky-novych-zakonu\/\" target=\"_blank\" rel=\"noopener\" title=\"\">\u010cesko a Slovensko prohlubuj\u00ed spolupr\u00e1ci, vl\u00e1da z\u00e1rove\u0148 chyst\u00e1 des\u00edtky nov\u00fdch z\u00e1kon\u016f<\/a><\/strong><\/h2>\n\n\n\n<blockquote class=\"wp-block-quote is-layout-flow wp-block-quote-is-layout-flow\">\n<p>Vl\u00e1da \u010cesk\u00e9 republiky Andreje Babi\u0161e se v pond\u011bl\u00ed 23. b\u0159ezna se\u0161la na sv\u00e9 pravideln\u00e9 sch\u016fzi. Kabinet schv\u00e1lil memorandum o prohlouben\u00e9 spolupr\u00e1ci se slovenskou vl\u00e1dou, kter\u00fdm chce v\u00fdrazn\u011b pos\u00edlit vz\u00e1jemn\u00e9 vztahy obou zem\u00ed. Dokument by m\u011bli slavnostn\u011b podepsat \u010desk\u00fd a slovensk\u00fd premi\u00e9r p\u0159i obnoven\u00e9m spole\u010dn\u00e9m zased\u00e1n\u00ed vl\u00e1d, kter\u00e9 je pl\u00e1nov\u00e1no na \u00fater\u00fd 31. b\u0159ezna. <strong>V\u00edce <a href=\"https:\/\/gnews.cz\/cs_cz\/neprehlednete\/cesko-a-slovensko-prohlubuji-spolupraci-vlada-zaroven-chysta-desitky-novych-zakonu\/\" target=\"_blank\" rel=\"noopener\" title=\"\">zde<\/a><\/strong><\/p>\n<\/blockquote>\n\n\n\n<h2 class=\"wp-block-heading\"><strong>24. b\u0159ezna 2026 <a href=\"https:\/\/gnews.cz\/cs_cz\/neprehlednete\/ukrajinske-tajne-sluzby-zasahuji-do-madarskych-voleb-tvrdi-madarsky-sef-diplomacie\/\" target=\"_blank\" rel=\"noopener\" title=\"\">Ukrajinsk\u00e9 tajn\u00e9 slu\u017eby zasahuj\u00ed do ma\u010farsk\u00fdch voleb \u2013 tvrd\u00ed ma\u010farsk\u00fd \u0161\u00e9f diplomacie<\/a><\/strong><\/h2>\n\n\n\n<blockquote class=\"wp-block-quote is-layout-flow wp-block-quote-is-layout-flow\">\n<p>BUDAPE\u0160\u0164 \u2013 Ukrajina podle ma\u010farsk\u00e9ho ministra zahrani\u010d\u00ed P\u00e9tera Szijj\u00e1rt\u00f3a vynakl\u00e1d\u00e1 velk\u00e9 \u00fasil\u00ed, aby v nadch\u00e1zej\u00edc\u00edch parlamentn\u00edch volb\u00e1ch sesadila sou\u010dasnou ma\u010farskou vl\u00e1du. <em>\u201eOsa Brusel\u2013Berl\u00edn\u2013Kyjev se rozhodla, \u017ee vl\u00e1da v Ma\u010farsku mus\u00ed b\u00fdt zm\u011bn\u011bna. Osa Brusel\u2013Berl\u00edn\u2013Kyjev se rozhodla, \u017ee vl\u00e1du m\u00e1 vytvo\u0159it strana Tisza [opozice]. Proto\u017ee v\u0161ichni ch\u00e1pou, \u017ee pokud z\u016fstaneme u moci, Ma\u010farsko nebude zata\u017eeno do v\u00e1lky, pen\u00edze Ma\u010far\u016f nep\u016fjdou na Ukrajinu a Ukrajinci nevstoup\u00ed do Evropsk\u00e9 unie,\u201c\u00a0<\/em>\u0159ekl na p\u0159edvolebn\u00edm setk\u00e1n\u00ed s voli\u010di ve m\u011bst\u011b Zalaegerszeg. <strong>V\u00edce <a href=\"https:\/\/gnews.cz\/cs_cz\/neprehlednete\/ukrajinske-tajne-sluzby-zasahuji-do-madarskych-voleb-tvrdi-madarsky-sef-diplomacie\/\" target=\"_blank\" rel=\"noopener\" title=\"\">zde<\/a><\/strong><\/p>\n<\/blockquote>\n\n\n\n<h2 class=\"wp-block-heading\">25. b\u0159ezna 2026 <a href=\"https:\/\/gnews.cz\/cs_cz\/neprehlednete\/fico-varoval-zapad-pred-podcenovanim-podpory-putina-a-zkritizoval-postoj-eu-k-rusku-i-ukrajine\/\" target=\"_blank\" rel=\"noopener\" title=\"\">Fico varoval Z\u00e1pad p\u0159ed podce\u0148ov\u00e1n\u00edm podpory Putina a zkritizoval postoj EU k Rusku i Ukrajin\u011b<\/a><\/h2>\n\n\n\n<blockquote class=\"wp-block-quote is-layout-flow wp-block-quote-is-layout-flow\">\n<p>Slovensk\u00fd premi\u00e9r Robert Fico ost\u0159e varoval Z\u00e1pad p\u0159ed podce\u0148ov\u00e1n\u00edm podpory rusk\u00e9ho prezidenta Vladimir Putin v rusk\u00e9 spole\u010dnosti. Podle n\u011bj je p\u0159edstava, \u017ee by Putin nem\u011bl siln\u00e9 z\u00e1zem\u00ed mezi obyvatelstvem,\u00a0<em>\u201enaprosto myln\u00e1 a\u017e hloup\u00e1\u201c<\/em>. Fico zd\u016fraznil, \u017ee jen v m\u00e1lokter\u00e9 zemi na sv\u011bt\u011b m\u00e1 hlava st\u00e1tu tak \u0161irokou podporu nap\u0159\u00ed\u010d spole\u010dnost\u00ed, v\u010detn\u011b politick\u00fdch elit, jako pr\u00e1v\u011b Putin v Rusku. Upozornil tak\u00e9, \u017ee pokud se na Slovensku objevuj\u00ed opa\u010dn\u00e9 n\u00e1zory, pova\u017euje je za nepravdiv\u00e9. <strong>V\u00edce <a href=\"https:\/\/gnews.cz\/cs_cz\/neprehlednete\/fico-varoval-zapad-pred-podcenovanim-podpory-putina-a-zkritizoval-postoj-eu-k-rusku-i-ukrajine\/\" target=\"_blank\" rel=\"noopener\" title=\"\">zde<\/a><\/strong><\/p>\n<\/blockquote>\n\n\n\n<h2 class=\"wp-block-heading\">26. b\u0159ezna 2026 <a href=\"https:\/\/gnews.cz\/cs_cz\/tema\/americky-prezident-donald-trump-obvinuje-nato-z-necinnosti-v-situaci-s-iranem\/\" target=\"_blank\" rel=\"noopener\" title=\"\">Americk\u00fd prezident Donald Trump obvi\u0148uje NATO z ne\u010dinnosti v situaci s \u00cdr\u00e1nem<\/a><\/h2>\n\n\n\n<blockquote class=\"wp-block-quote is-layout-flow wp-block-quote-is-layout-flow\">\n<p>WASHINGTON, 26. b\u0159ezna. Americk\u00fd prezident Donald Trump obvinil Severoatlantickou alianci (NATO) z ne\u010dinnosti v situaci s \u00cdr\u00e1nem. \u201eSt\u00e1ty NATO neud\u011blaly absolutn\u011b nic, aby pomohly \u0161\u00edlen\u00e9mu, nyn\u00ed vojensky zdecimovan\u00e9mu n\u00e1rodu \u00cdr\u00e1nu. USA od NATO nic nepot\u0159ebuj\u00ed, ale \u201anikdy nezapom\u00ednejme\u2018 na tento velmi d\u016fle\u017eit\u00fd okam\u017eik!\u201c napsal na sv\u00e9 str\u00e1nce na soci\u00e1ln\u00ed s\u00edti Truth Social. Americk\u00fd prezident Donald Trump d\u0159\u00edve ozna\u010dil NATO za \u201epap\u00edrov\u00e9ho tygra\u201c za odm\u00edtnut\u00ed evropsk\u00fdch spojenc\u016f zapojit se do potenci\u00e1ln\u00ed n\u00e1mo\u0159n\u00ed mise v Hormuzsk\u00e9m pr\u016flivu. <strong>V\u00edce <a href=\"https:\/\/gnews.cz\/cs_cz\/tema\/americky-prezident-donald-trump-obvinuje-nato-z-necinnosti-v-situaci-s-iranem\/\" target=\"_blank\" rel=\"noopener\" title=\"\">zde<\/a><\/strong><\/p>\n<\/blockquote>\n\n\n\n<h2 class=\"wp-block-heading\">27. b\u0159ezna 2026 <a href=\"https:\/\/gnews.cz\/cs_cz\/tema\/hormuzsky-pruliv-by-se-mohl-otevrit-jakmile-iran-prestane-ohrozovat-lodni-dopravu-rubio\/\" target=\"_blank\" rel=\"noopener\" title=\"\">Hormuzsk\u00fd pr\u016fliv by se mohl otev\u0159\u00edt, jakmile \u00cdr\u00e1n p\u0159estane ohro\u017eovat lodn\u00ed dopravu \u2013 Rubio<\/a><\/h2>\n\n\n\n<blockquote class=\"wp-block-quote is-layout-flow wp-block-quote-is-layout-flow\">\n<p>WASHINGTON, 27. b\u0159ezna Lodn\u00ed doprava p\u0159es Hormuzsk\u00fd pr\u016fliv se znovu otev\u0159e, jakmile \u00cdr\u00e1n p\u0159estane p\u0159edstavovat hrozbu pro mezin\u00e1rodn\u00ed lodn\u00ed dopravu, \u0159ekl ve \u010dtvrtek novin\u00e1\u0159\u016fm americk\u00fd ministr zahrani\u010d\u00ed Marco Rubio. \u201eMohl by b\u00fdt otev\u0159en (Hormuzsk\u00fd pr\u016fliv) z\u00edtra, pokud \u00cdr\u00e1n p\u0159estane ohro\u017eovat glob\u00e1ln\u00ed lodn\u00ed dopravu,\u201c \u0159ekl Rubio podle tiskov\u00e9 slu\u017eby ministerstva zahrani\u010d\u00ed. Americk\u00fd ministr zahrani\u010d\u00ed se vyhnul ot\u00e1zce t\u00fdkaj\u00edc\u00ed se mo\u017enosti pozemn\u00ed operace USA k obnoven\u00ed lodn\u00ed dopravy v pr\u016flivu. <strong>V\u00edce <a href=\"https:\/\/gnews.cz\/cs_cz\/tema\/hormuzsky-pruliv-by-se-mohl-otevrit-jakmile-iran-prestane-ohrozovat-lodni-dopravu-rubio\/\" target=\"_blank\" rel=\"noopener\" title=\"\">zde<\/a><\/strong><\/p>\n<\/blockquote>\n\n\n\n<h2 class=\"wp-block-heading\">28. b\u0159ezna 2026 <a href=\"https:\/\/gnews.cz\/cs_cz\/tema\/americke-akcie-zazivaji-nejdelsi-vyplach-od-zacatku-ruske-invaze-na-ukrajinu\/\" target=\"_blank\" rel=\"noopener\" title=\"\">Americk\u00e9 akcie za\u017e\u00edvaj\u00ed nejdel\u0161\u00ed propad od za\u010d\u00e1tku rusk\u00e9 invaze na Ukrajinu<\/a><\/h2>\n\n\n\n<blockquote class=\"wp-block-quote is-layout-flow wp-block-quote-is-layout-flow\">\n<p>NEW YORK \u2013 Americk\u00e9 akciov\u00e9 trhy se nach\u00e1zej\u00ed v nejdel\u0161\u00ed s\u00e9rii pokles\u016f za posledn\u00ed roky a investo\u0159i \u010del\u00ed rostouc\u00ed nejistot\u011b, kter\u00e1 p\u0159ipom\u00edn\u00e1 obdob\u00ed po za\u010d\u00e1tku rusk\u00e9 invaze na Ukrajinu v roce 2022. Kl\u00ed\u010dov\u00e9 indexy na Wall Street v z\u00e1v\u011bru b\u0159ezna pokra\u010duj\u00ed v oslabov\u00e1n\u00ed, p\u0159i\u010dem\u017e \u0161ir\u0161\u00ed index S&amp;P 500 zaznamenal ji\u017e p\u00e1t\u00fd t\u00fdden poklesu v \u0159ad\u011b. Podle dostupn\u00fdch dat ztratil S&amp;P 500 od za\u010d\u00e1tku roku p\u0159ibli\u017en\u011b sedm procent, zat\u00edmco technologick\u00fd Nasdaq odepsal t\u00e9m\u011b\u0159 deset procent hodnoty. Samotn\u00fd z\u00e1v\u011br t\u00fddne byl p\u0159itom mimo\u0159\u00e1dn\u011b negativn\u00ed \u2013 index S&amp;P 500 klesl o zhruba 1,7 %, Nasdaq o v\u00edce ne\u017e dv\u011b procenta a Dow Jones ztratil t\u00e9m\u011b\u0159 800 bod\u016f. <strong>V\u00edce <a href=\"https:\/\/gnews.cz\/cs_cz\/tema\/americke-akcie-zazivaji-nejdelsi-vyplach-od-zacatku-ruske-invaze-na-ukrajinu\/\" target=\"_blank\" rel=\"noopener\" title=\"\">zde<\/a><\/strong><\/p>\n<\/blockquote>\n\n\n\n<h2 class=\"wp-block-heading\"><strong>28. b\u0159ezna 2026 <a href=\"https:\/\/gnews.cz\/cs_cz\/tema\/slovanska-epopej-alfonse-muchy-obraz-dvacaty-apotheosa-z-dejin-slovanstva-ctyri-obdobi-slovanstva-ve-ctyrech-barvach\/\" target=\"_blank\" rel=\"noopener\" title=\"\">Slovansk\u00e1 epopej Alfonse Muchy \u2013 obraz dvac\u00e1t\u00fd: Apotheosa z d\u011bjin Slovanstva \u2013 \u010cty\u0159i obdob\u00ed Slovanstva ve \u010dty\u0159ech barv\u00e1ch<\/a><\/strong><\/h2>\n\n\n\n<blockquote class=\"wp-block-quote is-layout-flow wp-block-quote-is-layout-flow\">\n<p>Obraz dvac\u00e1t\u00fd. Vzn\u00e1\u0161\u00edte se v prostoru, kde \u010das nen\u00ed \u017e\u00e1dnou lini\u00ed, ale pevn\u00fdm, siln\u00fdm kruhem \u2013 a v jeho st\u0159edu dominantn\u011b pulzuje obraz Slovansk\u00e1 epopej, Apote\u00f3za Slovanstva od Alfons Mucha. Vyvrcholen\u00ed tohot geni\u00e1ln\u00edho cyklu je mimo jin\u00e9 o kosmologii doslova vt\u011blenou do barev, postav a symbol\u016f, jde o mystickou mapu kolektivn\u00ed pam\u011bti vych\u00e1zej\u00edc\u00ed z reality a historick\u00e9ho d\u011bdictv\u00ed, kter\u00e1 se rozl\u00e9v\u00e1 nap\u0159\u00ed\u010d stalet\u00edmi jako nekone\u010dn\u00e1 a sladk\u00e1 \u0159eka.\u00a0<strong>V\u00edce <a href=\"https:\/\/gnews.cz\/cs_cz\/tema\/slovanska-epopej-alfonse-muchy-obraz-dvacaty-apotheosa-z-dejin-slovanstva-ctyri-obdobi-slovanstva-ve-ctyrech-barvach\/\" target=\"_blank\" rel=\"noopener\" title=\"\">zde<\/a><\/strong><\/p>\n<\/blockquote>\n\n\n\n<h2 class=\"wp-block-heading\">29. b\u0159ezna 2026 <a href=\"https:\/\/gnews.cz\/cs_cz\/kultura\/zdravy-styl\/herbar-kopriva-dvoudoma\/\" target=\"_blank\" rel=\"noopener\" title=\"\">Herb\u00e1\u0159: Kop\u0159iva dvoudom\u00e1 p\u016fsob\u00ed tak\u00e9 jako antianemikum a antisklerotikum<\/a><\/h2>\n\n\n\n<blockquote class=\"wp-block-quote is-layout-flow wp-block-quote-is-layout-flow\">\n<p>Kop\u0159iva dvoudom\u00e1 (Urtica dioica) je trvalka, dor\u016fstaj\u00edc\u00ed do v\u00fd\u0161ky i p\u0159es metr s v\u011btven\u00fdm oddenkem a statnou, \u010dty\u0159hrannou lodyhou. Listy kop\u0159ivy jsou vst\u0159\u00edcn\u00e9 a \u0159ap\u00edkat\u00e9. Sam\u010d\u00ed a sami\u010d\u00ed kv\u011bty jsou zelenkav\u00e9, drobn\u00e9 a rostou na r\u016fzn\u00fdch jedinc\u00edch. Vytv\u00e1\u0159ej\u00ed latnat\u00e9 kv\u011btenstv\u00ed. Celou rostlinu pokr\u00fdvaj\u00ed \u017eahav\u00e9 chloupky, po kter\u00fdch kdy\u017e se jich dotknete, vytvo\u0159\u00ed se na k\u016f\u017ei zdu\u0159el\u00e1, \u010derven\u00e1 skvrna, kter\u00e1 p\u00e1l\u00ed a sv\u011bd\u00ed, po chvilce tento pup\u00ednek samovoln\u011b zmiz\u00ed. <strong>V\u00edce <a href=\"https:\/\/gnews.cz\/cs_cz\/kultura\/zdravy-styl\/herbar-kopriva-dvoudoma\/\" target=\"_blank\" rel=\"noopener\" title=\"\">zde<\/a><\/strong><\/p>\n<\/blockquote>\n\n\n\n<h2 class=\"wp-block-heading\">                    Exkluzivn\u00ed GNEWS rozhovor s poslancem Janem Hrn\u010d\u00ed\u0159em<\/h2>\n\n\n\n<ul class=\"wp-block-list\">\n<li>24. b\u0159ezna 2026 <a href=\"https:\/\/gnews.cz\/cs_cz\/tema\/gnews-rozhovor-s-poslancem-janem-hrncirem-spd-dil-i-sankce-proti-rusku-selhavaji\/\" target=\"_blank\" rel=\"noopener\" title=\"\">GNEWS Rozhovor s poslancem Janem Hrn\u010d\u00ed\u0159em (SPD), d\u00edl I.: Sankce proti Rusku selh\u00e1vaj\u00ed!<\/a> <strong>V\u00edce <a href=\"https:\/\/gnews.cz\/cs_cz\/tema\/gnews-rozhovor-s-poslancem-janem-hrncirem-spd-dil-i-sankce-proti-rusku-selhavaji\/\" target=\"_blank\" rel=\"noopener\" title=\"\">zde<\/a><\/strong><\/li>\n\n\n\n<li>25. b\u0159ezna 2026 <a href=\"https:\/\/gnews.cz\/cs_cz\/neprehlednete\/gnews-rozhovor-s-poslancem-janem-hrncirem-spd-dil-ii-obavy-z-nove-migracni-vlny\/\" target=\"_blank\" rel=\"noopener\" title=\"GNEWS Rozhovor s poslancem Janem Hrn\u010d\u00ed\u0159em (SPD), d\u00edl II.: Obavy z nov\u00e9 migra\u010dn\u00ed vlny.\">GNEWS Rozhovor s poslancem Janem Hrn\u010d\u00ed\u0159em (SPD), d\u00edl II.: Obavy z nov\u00e9 migra\u010dn\u00ed vlny.<\/a> <strong>V\u00edce <a href=\"https:\/\/gnews.cz\/cs_cz\/neprehlednete\/gnews-rozhovor-s-poslancem-janem-hrncirem-spd-dil-ii-obavy-z-nove-migracni-vlny\/\" target=\"_blank\" rel=\"noopener\" title=\"\">zde<\/a><\/strong><\/li>\n\n\n\n<li>26. b\u0159ezna 2026 <a href=\"https:\/\/gnews.cz\/cs_cz\/tema\/gnews-rozhovor-s-poslancem-janem-hrncirem-spd-dil-iii-bez-ciny-pry-evropa-nezvladne-technologie-ani-elektromobily\/\" target=\"_blank\" rel=\"noopener\" title=\"\">GNEWS Rozhovor s poslancem Janem Hrn\u010d\u00ed\u0159em (SPD), d\u00edl III.:\u00a0Bez \u010c\u00edny pr\u00fd Evropa nezvl\u00e1dne technologie ani elektromobily.<\/a> <strong>V\u00edce <a href=\"https:\/\/gnews.cz\/cs_cz\/tema\/gnews-rozhovor-s-poslancem-janem-hrncirem-spd-dil-iii-bez-ciny-pry-evropa-nezvladne-technologie-ani-elektromobily\/\" target=\"_blank\" rel=\"noopener\" title=\"\">zde<\/a><\/strong><\/li>\n\n\n\n<li>27. b\u0159ezna 2026 <a href=\"https:\/\/gnews.cz\/cs_cz\/tema\/gnews-rozhovor-s-poslancem-janem-hrncirem-spd-dil-iv-o-fialove-politice-a-co-delat\/\" target=\"_blank\" rel=\"noopener\" title=\"GNEWS Rozhovor s poslancem Janem Hrn\u010d\u00ed\u0159em (SPD), d\u00edl IV.:\u00a0o Fialov\u011b politice a co d\u011blat.\">GNEWS Rozhovor s poslancem Janem Hrn\u010d\u00ed\u0159em (SPD), d\u00edl IV.:\u00a0o Fialov\u011b politice a co d\u011blat.<\/a> <strong>V\u00edce <a href=\"https:\/\/gnews.cz\/cs_cz\/tema\/gnews-rozhovor-s-poslancem-janem-hrncirem-spd-dil-iv-o-fialove-politice-a-co-delat\/\" title=\"\">z<\/a><a href=\"https:\/\/gnews.cz\/cs_cz\/tema\/gnews-rozhovor-s-poslancem-janem-hrncirem-spd-dil-iv-o-fialove-politice-a-co-delat\/\" target=\"_blank\" rel=\"noopener\" title=\"\">d<\/a><a href=\"https:\/\/gnews.cz\/cs_cz\/tema\/gnews-rozhovor-s-poslancem-janem-hrncirem-spd-dil-iv-o-fialove-politice-a-co-delat\/\" title=\"\">e<\/a><\/strong><\/li>\n\n\n\n<li>28. b\u0159ezna 2026<a href=\"https:\/\/gnews.cz\/cs_cz\/rozhovory\/gnews-rozhovor-s-poslancem-janem-hrncirem-spd-dil-v-o-iranu-vzdy-je-lepsi-hledat-diplomaticke-reseni\/\" target=\"_blank\" rel=\"noopener\" title=\" GNEWS Rozhovor s poslancem Janem Hrn\u010d\u00ed\u0159em (SPD), d\u00edl V.: o \u00cdr\u00e1nu \u2013 v\u017edy je lep\u0161\u00ed hledat diplomatick\u00e9 \u0159e\u0161en\u00ed.\"> GNEWS Rozhovor s poslancem Janem Hrn\u010d\u00ed\u0159em (SPD), d\u00edl V.: o \u00cdr\u00e1nu \u2013 v\u017edy je lep\u0161\u00ed hledat diplomatick\u00e9 \u0159e\u0161en\u00ed.<\/a> <strong>V\u00edce <a href=\"https:\/\/gnews.cz\/cs_cz\/rozhovory\/gnews-rozhovor-s-poslancem-janem-hrncirem-spd-dil-v-o-iranu-vzdy-je-lepsi-hledat-diplomaticke-reseni\/\" target=\"_blank\" rel=\"noopener\" title=\"\">zde<\/a><\/strong><\/li>\n<\/ul>\n\n\n\n<h2 class=\"wp-block-heading\"><\/h2>\n\n\n\n<p><\/p>\n","protected":false},"excerpt":{"rendered":"<p>2026 \u5e74 3 \u6708 23 \u65e5 \u6377\u514b\u7ecf\u6d4e\u6bcf\u65e5\u6458\u8981\uff1a\u71c3\u6599\u4ef7\u683c\u3001\u79fb\u52a8\u4e92\u8054\u7f51\u3001ADNOC \u548c OMV\u3001\u88d5\u4fe1\u94f6\u884c\u3001\u9521\u8036\u7eb3\u94f6\u884c......<\/p>","protected":false},"author":10,"featured_media":43010,"comment_status":"open","ping_status":"closed","sticky":false,"template":"","format":"standard","meta":{"_acf_changed":false,"_lmt_disableupdate":"","_lmt_disable":"","footnotes":""},"categories":[2968,7,1,1376,580,2973],"tags":[11975,5754,11971,45,5372,1764,496,27,5420,4025,3710,11976,760,11732,11694,2975,31,2782,11974,5346,992,11977,56,920,10,11705,11973,11970,458,11978,26,32,573,17,8064,29,10953,38,693,11972,41,455],"class_list":["post-43007","post","type-post","status-publish","format-standard","has-post-thumbnail","hentry","category-domaci","category-politika","category-tema","category-tyden-na-general-news","category-vyber-sefredaktora","category-zahranicni","tag-americke-akciove-trhy","tag-andrej-babis","tag-benzin-2","tag-cr","tag-cesko","tag-diochi","tag-donald-trump","tag-ekonomika","tag-general-news","tag-gnews-cz","tag-hormuzsky-pruliv","tag-index-sp-500","tag-iran-3","tag-jan-hrncir","tag-kopriva-dvoudoma","tag-lodni-doprava","tag-madarsko","tag-marco-rubio","tag-ministr-zahranici-madarska","tag-monte-dei-paschi-di-siena","tag-nafta","tag-nasdaq","tag-nato","tag-new-york","tag-news","tag-omv","tag-peter-szijjart","tag-radim-fiala","tag-robert-fico","tag-rozhovor","tag-rusko","tag-slovensko","tag-spd","tag-top","tag-truth-social","tag-ukrajina","tag-unicredit","tag-usa","tag-vladimir-putin","tag-vzajemne-vztahy","tag-world","tag-zapad"],"acf":[],"aioseo_notices":[],"_links":{"self":[{"href":"https:\/\/gnews.cz\/zh\/wp-json\/wp\/v2\/posts\/43007","targetHints":{"allow":["GET"]}}],"collection":[{"href":"https:\/\/gnews.cz\/zh\/wp-json\/wp\/v2\/posts"}],"about":[{"href":"https:\/\/gnews.cz\/zh\/wp-json\/wp\/v2\/types\/post"}],"author":[{"embeddable":true,"href":"https:\/\/gnews.cz\/zh\/wp-json\/wp\/v2\/users\/10"}],"replies":[{"embeddable":true,"href":"https:\/\/gnews.cz\/zh\/wp-json\/wp\/v2\/comments?post=43007"}],"version-history":[{"count":5,"href":"https:\/\/gnews.cz\/zh\/wp-json\/wp\/v2\/posts\/43007\/revisions"}],"predecessor-version":[{"id":43138,"href":"https:\/\/gnews.cz\/zh\/wp-json\/wp\/v2\/posts\/43007\/revisions\/43138"}],"wp:featuredmedia":[{"embeddable":true,"href":"https:\/\/gnews.cz\/zh\/wp-json\/wp\/v2\/media\/43010"}],"wp:attachment":[{"href":"https:\/\/gnews.cz\/zh\/wp-json\/wp\/v2\/media?parent=43007"}],"wp:term":[{"taxonomy":"category","embeddable":true,"href":"https:\/\/gnews.cz\/zh\/wp-json\/wp\/v2\/categories?post=43007"},{"taxonomy":"post_tag","embeddable":true,"href":"https:\/\/gnews.cz\/zh\/wp-json\/wp\/v2\/tags?post=43007"}],"curies":[{"name":"wp","href":"https:\/\/api.w.org\/{rel}","templated":true}]}}