{"id":11732,"count":7,"description":"","link":"https:\/\/gnews.cz\/zh\/tag\/jan-hrncir\/","name":"Jan Hrn\u010d\u00ed\u0159","slug":"jan-hrncir","taxonomy":"post_tag","meta":[],"_links":{"self":[{"href":"https:\/\/gnews.cz\/zh\/wp-json\/wp\/v2\/tags\/11732","targetHints":{"allow":["GET"]}}],"collection":[{"href":"https:\/\/gnews.cz\/zh\/wp-json\/wp\/v2\/tags"}],"about":[{"href":"https:\/\/gnews.cz\/zh\/wp-json\/wp\/v2\/taxonomies\/post_tag"}],"wp:post_type":[{"href":"https:\/\/gnews.cz\/zh\/wp-json\/wp\/v2\/posts?tags=11732"}],"curies":[{"name":"wp","href":"https:\/\/api.w.org\/{rel}","templated":true}]}}